{"id":962194,"date":"2026-04-26T08:49:26","date_gmt":"2026-04-26T06:49:26","guid":{"rendered":"https:\/\/gradski.me\/?p=962194"},"modified":"2026-04-26T12:04:20","modified_gmt":"2026-04-26T10:04:20","slug":"spasene-tri-ruskinje-koje-su-se-izgubile-na-sinjajevini","status":"publish","type":"post","link":"https:\/\/gradski.me\/en\/hronika\/spasene-tri-ruskinje-koje-su-se-izgubile-na-sinjajevini\/","title":{"rendered":"Spa\u0161ene tri Ruskinje koje su se izgubile na Sinjajevini"},"content":{"rendered":"<p><\/p>\n\n\n\n<p>Kako je saop\u0161teno iz policije, ju\u010de oko 17.30 \u010dasova de\u017eurnu slu\u017ebu Stanice policije \u0160avnik kontaktirala je ruska dr\u017eavljanka i saop\u0161tila da se, zajedno sa svoje dvije prijateljice, izgubila na pomenutoj planini, te zatra\u017eila pomo\u0107.<\/p>\n\n\n\n<p>&#8222;Policijski slu\u017ebenici i pripadnici Slu\u017ebe za\u0161tite i spa\u0161avanja odmah su zapo\u010deli potragu za ovim licima, naro\u010dito imaju\u0107i u vidu zahtjevne planinske uslove i nastupaju\u0107e ve\u010dernje \u010dasove. Pretragom terena iznad naselja Krnja Jela, u mjestu Katunac, pona\u0111ene su tri ruske dr\u017eavljanke starosti 58, 64 i 67 godina, koje ovom prilikom, osim bla\u017eih promrzlina, nijesu zadobile tjelesne povrede&#8220;, naveli su iz policije.<\/p>\n\n\n\n<p>Akcija potrage i spasavanja zavr\u0161ena je oko 21.00 \u010das.<\/p>\n\n\n\n<p>Nakon pronalaska i ukazane pomo\u0107i, upu\u0107ene su u pravcu Op\u0161tine Budva, gdje su ina\u010de nastanjene.<\/p>\n\n\n\n<p>&#8222;Slu\u017ebenici Uprave policije i Slu\u017ebe za\u0161tite i spa\u0161avanja stoje na raspolaganju svima kojima je pomo\u0107 potrebna, a bezbjednost, sigurnost i za\u0161tita gra\u0111ana nam predstavljaju prioritet u svakodnevnom radu&#8220;, kazali su iz Uprave policije.<\/p>","protected":false},"excerpt":{"rendered":"<p>Zajedni\u010dkim anga\u017eovanjem slu\u017ebenika Uprave policije \u2013 Stanice policije \u0160avnik i Slu\u017ebe za\u0161tite i spa\u0161avanja, te brzom reakcijom na prijavu, sino\u0107 su pretragom terena u predjelu planine Sinjajevine prona\u0111ene tri ruske dr\u017eavljanke koje su tokom \u0161etnje izgubile orijentaciju.<\/p>","protected":false},"author":8,"featured_media":962195,"comment_status":"open","ping_status":"open","sticky":false,"template":"","format":"standard","meta":{"_acf_changed":false,"footnotes":"","jetpack_publicize_message":"","jetpack_publicize_feature_enabled":true,"jetpack_social_post_already_shared":true,"jetpack_social_options":{"image_generator_settings":{"template":"highway","default_image_id":0,"font":"","enabled":false},"version":2}},"categories":[10],"tags":[31456,260,17957,109],"naslovna":[],"class_list":["post-962194","post","type-post","status-publish","format-standard","has-post-thumbnail","hentry","category-hronika","tag-ruske-drzavljanke","tag-savnik","tag-sinjajevina","tag-uprava-policije"],"acf":[],"jetpack_publicize_connections":[],"_links":{"self":[{"href":"https:\/\/gradski.me\/en\/wp-json\/wp\/v2\/posts\/962194","targetHints":{"allow":["GET"]}}],"collection":[{"href":"https:\/\/gradski.me\/en\/wp-json\/wp\/v2\/posts"}],"about":[{"href":"https:\/\/gradski.me\/en\/wp-json\/wp\/v2\/types\/post"}],"author":[{"embeddable":true,"href":"https:\/\/gradski.me\/en\/wp-json\/wp\/v2\/users\/8"}],"replies":[{"embeddable":true,"href":"https:\/\/gradski.me\/en\/wp-json\/wp\/v2\/comments?post=962194"}],"version-history":[{"count":1,"href":"https:\/\/gradski.me\/en\/wp-json\/wp\/v2\/posts\/962194\/revisions"}],"predecessor-version":[{"id":962196,"href":"https:\/\/gradski.me\/en\/wp-json\/wp\/v2\/posts\/962194\/revisions\/962196"}],"wp:featuredmedia":[{"embeddable":true,"href":"https:\/\/gradski.me\/en\/wp-json\/wp\/v2\/media\/962195"}],"wp:attachment":[{"href":"https:\/\/gradski.me\/en\/wp-json\/wp\/v2\/media?parent=962194"}],"wp:term":[{"taxonomy":"category","embeddable":true,"href":"https:\/\/gradski.me\/en\/wp-json\/wp\/v2\/categories?post=962194"},{"taxonomy":"post_tag","embeddable":true,"href":"https:\/\/gradski.me\/en\/wp-json\/wp\/v2\/tags?post=962194"},{"taxonomy":"naslovna","embeddable":true,"href":"https:\/\/gradski.me\/en\/wp-json\/wp\/v2\/naslovna?post=962194"}],"curies":[{"name":"wp","href":"https:\/\/api.w.org\/{rel}","templated":true}]}}