{"id":962190,"date":"2026-04-26T09:00:00","date_gmt":"2026-04-26T07:00:00","guid":{"rendered":"https:\/\/gradski.me\/?p=962190"},"modified":"2026-04-26T08:40:54","modified_gmt":"2026-04-26T06:40:54","slug":"mojkovac-na-putu-turistickog-procvata","status":"publish","type":"post","link":"https:\/\/gradski.me\/en\/ekonomija\/mojkovac-na-putu-turistickog-procvata\/","title":{"rendered":"Mojkovac na putu turisti\u010dkog procvata"},"content":{"rendered":"<p><\/p>\n\n\n\n<p>Kako isti\u010de, klju\u010dni planovi za naredni petogodi\u0161nji period usmjereni su na realizaciji kapitalnih projekata koji bi trebalo da budu prekretnica u razvoju turizma. Me\u0111u njima se izdvajaju zavr\u0161etak skijali\u0161ta \u017darski, izgradnja replike srednjovjekovnog grada Brskova i podizanje memorijalnog centra posve\u0107enog junacima Mojkova\u010dke bitke.<\/p>\n\n\n\n<p>\u201c\u0160to se ti\u010de samog razvoja turizma i plana u narednih pet godina, klju\u010dni projekti koji ulaze u taj plan jesu zavr\u0161etak skijali\u0161ta \u017darski, izrada replike srednjovjekovnog grada Brskova i izgradnja memorijalnog centra junacima Mojkova\u010dke bitke. Ta tri klju\u010dna projekta bi trebalo da doprinesu da se Mojkovac postavi na turisti\u010dkoj mapi na mjestu koje mu pripada\u201d, kazao je Vukovi\u0107.<\/p>\n\n\n\n<p>Prirodni potencijali Mojkovca ve\u0107 predstavljaju sna\u017ean temelj za razvoj , rijeka Tara, planine Bjelasica, Sinjajevina, Pro\u0161\u0107enske planine, Zabojsko jezero, blizina Biogradske gore, Crna Poda, kao prirodni rezervat i manastir Dobrilovina \u010dine jedinstvenu cjelinu koja privla\u010di ljubitelje prirode iz cijelog svijeta.<\/p>\n\n\n\n<p>Upravo na toj osnovi razvija se i savremena turisti\u010dka ponuda, sa fokusom na aktivni i ruralni turizam.<\/p>\n\n\n\n<p>\u201cPored brojnih prirodnih dobara koje Mojkovac ima, rijeke Tare \u010diji kanjon prolazi kroz Mojkovac, planina, jezera i kulturno-istorijskih lokaliteta dodatni razvoj projekata i skijali\u0161ta doprinio bi ubrzanijem turisti\u010dkom razvoju. Na\u0161 plan je da nastavimo promociju seoskih doma\u0107instava i uka\u017eemo ljudima na mogu\u0107nosti i benefite bavljenja turizmom\u201d, istakao je Vukovi\u0107.<\/p>\n\n\n\n<p>Prema njegovim rije\u010dima , posebno ohrabruje interesovanje stranih gostiju, koji \u010dine \u010dak 95 odsto ukupnih posjetilaca, a dolaze iz Njema\u010dke, Austrije, Poljske, Holandije, \u010ce\u0161ke, Velike Britanije i Izraela . Oni najvi\u0161e cijene upravo autenti\u010dnost , gostoljublje i boravak u prirodi.<\/p>\n\n\n\n<p>\u201cTo su turisti koji vole aktivni turizam od fly fishinga do hajkinga. Za njih je to bijeg od buke, stresa, jednoli\u010dnosti\u2026Povratak prirodi i jednostavnom na\u010dinu \u017eivota. Boravak kod na\u0161ih doma\u0107ina na selu, na katunima i dru\u017eenje sa njima ostavlja poseban utisak i iskustvo koje se pamti\u201d, naglasio je Vukovi\u0107.<\/p>\n\n\n\n<p>Upravo zato ne zapu\u0161tanje sela i razvoj seoskog turizma ostaje jedan od prioriteta.Trenutno Mojkovac ima vi\u0161e od pedeset registrovanih doma\u0107instava, a o\u010dekuje se da taj broj ve\u0107 ovog ljeta pre\u0111e \u0161ezdeset.<\/p>\n\n\n\n<p>Ipak, Vukovi\u0107 upozorava da razvoj smje\u0161tajnih kapaciteta mora biti planski i odr\u017eiv.<\/p>\n\n\n\n<p>\u201cNaravno da postoji potreba i za hotelskim kapacitetima, ali ne u prevelikom broju. Moramo napraviti strategiju kako ne bismo do\u0161li u situaciju da imamo vi\u0161e kapaciteta nego \u0161to mo\u017eemo popuniti\u201d, poru\u010dio je.<\/p>\n\n\n\n<p>Va\u017ean segment razvoja je i promocija.<\/p>\n\n\n\n<p>Turisti\u010dka organizacija Mojkovac aktivno u\u010destvuje na me\u0111unarodnim sajmovima, od \u0160tutgarta i Ljubljane do Praga, Beograda i Novog Sada, dok se paralelno radi na digitalnoj promociji i organizaciji manifestacija koje privla\u010de turiste tokom cijele godine.<\/p>\n\n\n\n<p>Poseban akcent stavljen je na o\u010duvanje \u017eivotne sredine, kao jednog od klju\u010dnih resursa. Nedavna akcija \u010di\u0161\u0107enja ulaza u grad realizovane je iz u\u010de\u0161\u0107e JKP \u201cGradac\u201d Mojkovac, PSK \u201cBrskovo\u201d i \u201cFly Fishing Club Tara\u201d , \u010dime je poslana poruka o zna\u010daju zajedni\u010dke brige za prostor u kome \u017eivimo.<\/p>\n\n\n\n<p>\u201cApelujem na sve da \u010duvamo prirodu, jer tako \u010duvamo sebe. Prvi utisak koji turisti sti\u010du prilikom ulaska u grad mora biti slika ure\u0111ene i \u010diste sredine\u201d, kazao je Vukovi\u0107, podsje\u0107aju\u0107i na zna\u010daj ovakvih inicijativa.<\/p>\n\n\n\n<p>Ljetnja turisti\u010dka sezona bi\u0107e otvorena prvog maja trodnevnom manifestacijom koja uklju\u010duje rafting, kajak, planinarske ture i druge brojne sadr\u017eaje, \u010dime Mojkovac dodatno potvr\u0111uje orijentaciju ka aktivnom turizmu.<\/p>\n\n\n\n<p>Ipak, uz projekte i prirodne potencijale, jedan od klju\u010dnih resursa ostaju ljudi, posebno mladi. Povratak mladih u Mojkovac, kako je istaknuto,&nbsp; od su\u0161tinskog je zna\u010daja za dugoro\u010dni razvoj.<\/p>\n\n\n\n<p>Mojkovac ima kapacitete, ali ih treba znati prepoznati i iskoristiti. \u010cesto se \u010dini da je \u201ctrava zelenija negdje drugo\u201d , ali upravo sjever, a sa njim i Mojkovac pokazuju da prilike postoje i kod ku\u0107e. Mladi ljudi, kao najve\u0107i resurs, mogu biti nosioci novih ideja i pokreta\u010di razvoja koji \u0107e Mojkovcu i cijelom sjeveru donijeti stabilnu i prosperitetnu budu\u0107nost.<\/p>\n\n\n\n<p>Na kraju, Vukovi\u0107 upu\u0107uje otvoren poziv svima koji \u017eele da okuse autenti\u010dan spoj prirode, mira i gostoprimstva.<\/p>\n\n\n\n<p>\u201cPozivamo sve ljude dobre volje, sve ljubitelje prirode, da posjete Mojkovac , da provedu praznike kod nas , u\u017eivaju u manifestacijama, prirodnim ljepotama, i gostoprimstvu na\u0161ih doma\u0107ina. Sigurno se ne\u0107e pokajati i po\u017eelje\u0107e da nam se ponovo vrate\u201d, zaklju\u010dio je Vukovi\u0107.<\/p>","protected":false},"excerpt":{"rendered":"<p>Mojkovac sve odlu\u010dnije gradi svoju poziciju na turisti\u010dkoj mapi Crne Gore, oslanjaju\u0107i se na prirodne ljepote, ali i ambiciozne razvojne projekte koji bi u narednim godinama mogli zna\u010dajno promijeniti lice ove sjeverne op\u0161tine. U razgovoru za Portal RTCG, direktor Turisti\u010dke organizacije Mojkovac Radonja Vukovi\u0107, ukazao je na jasnu viziju razvoja, ali i konkretne rezultate koji potvr\u0111uju da ovaj grad ve\u0107 ide uzlaznom putanjom.<\/p>","protected":false},"author":8,"featured_media":897351,"comment_status":"open","ping_status":"open","sticky":false,"template":"","format":"standard","meta":{"_acf_changed":false,"footnotes":"","jetpack_publicize_message":"","jetpack_publicize_feature_enabled":true,"jetpack_social_post_already_shared":true,"jetpack_social_options":{"image_generator_settings":{"template":"highway","default_image_id":0,"font":"","enabled":false},"version":2}},"categories":[8],"tags":[10849,31434],"naslovna":[],"class_list":["post-962190","post","type-post","status-publish","format-standard","has-post-thumbnail","hentry","category-ekonomija","tag-radonja-vukovic","tag-to-mojkovac"],"acf":[],"jetpack_publicize_connections":[],"_links":{"self":[{"href":"https:\/\/gradski.me\/en\/wp-json\/wp\/v2\/posts\/962190","targetHints":{"allow":["GET"]}}],"collection":[{"href":"https:\/\/gradski.me\/en\/wp-json\/wp\/v2\/posts"}],"about":[{"href":"https:\/\/gradski.me\/en\/wp-json\/wp\/v2\/types\/post"}],"author":[{"embeddable":true,"href":"https:\/\/gradski.me\/en\/wp-json\/wp\/v2\/users\/8"}],"replies":[{"embeddable":true,"href":"https:\/\/gradski.me\/en\/wp-json\/wp\/v2\/comments?post=962190"}],"version-history":[{"count":1,"href":"https:\/\/gradski.me\/en\/wp-json\/wp\/v2\/posts\/962190\/revisions"}],"predecessor-version":[{"id":962191,"href":"https:\/\/gradski.me\/en\/wp-json\/wp\/v2\/posts\/962190\/revisions\/962191"}],"wp:featuredmedia":[{"embeddable":true,"href":"https:\/\/gradski.me\/en\/wp-json\/wp\/v2\/media\/897351"}],"wp:attachment":[{"href":"https:\/\/gradski.me\/en\/wp-json\/wp\/v2\/media?parent=962190"}],"wp:term":[{"taxonomy":"category","embeddable":true,"href":"https:\/\/gradski.me\/en\/wp-json\/wp\/v2\/categories?post=962190"},{"taxonomy":"post_tag","embeddable":true,"href":"https:\/\/gradski.me\/en\/wp-json\/wp\/v2\/tags?post=962190"},{"taxonomy":"naslovna","embeddable":true,"href":"https:\/\/gradski.me\/en\/wp-json\/wp\/v2\/naslovna?post=962190"}],"curies":[{"name":"wp","href":"https:\/\/api.w.org\/{rel}","templated":true}]}}