{"id":962174,"date":"2026-04-26T07:24:26","date_gmt":"2026-04-26T05:24:26","guid":{"rendered":"https:\/\/gradski.me\/?p=962174"},"modified":"2026-04-26T10:44:34","modified_gmt":"2026-04-26T08:44:34","slug":"tramp-evakuisan-tokom-vecere-sa-dopisnicima-bijele-kuce-culi-se-pucnji-pogodjen-tajni-agent","status":"publish","type":"post","link":"https:\/\/gradski.me\/en\/svijet\/tramp-evakuisan-tokom-vecere-sa-dopisnicima-bijele-kuce-culi-se-pucnji-pogodjen-tajni-agent\/","title":{"rendered":"Tramp evakuisan tokom ve\u010dere sa dopisnicima Bijele ku\u0107e \u2013 \u010duli se pucnji, pogo\u0111en tajni agent"},"content":{"rendered":"<p><strong>FBI pretresa ku\u0107u osumnji\u010denog za pucnjavu<\/strong><\/p>\n\n\n\n<p>Pripadnici ameri\u010dkog Federalnog istra\u017enog biroa (FBI) po\u010deli su pretres ku\u0107e osumnji\u010denog za pucnjavu u hotelu &#8222;Hilton&#8220; u Va\u0161ingtonu, u kojem se na sve\u010danoj ve\u010deri u tom trenutku nalazio i ameri\u010dki predsjednik Donald Tramp.<\/p>\n\n\n\n<p>Osumnji\u010deni je identifikovan kao Kol Tomas Alen (31) iz Torensa, predgra\u0111a Los An\u0111elesa u Kaliforniji, prenosi Skaj njuz.<\/p>\n\n\n\n<p><strong>Agent Tajne slu\u017ebe pu\u0161ten iz bolnice<\/strong><\/p>\n\n\n\n<p>Agent Tajne slu\u017ebe, koji je povrije\u0111en u pucnjavi, pu\u0161ten je iz bolnice, javio je En-Bi-Si, pozivaju\u0107i se na izvor.<\/p>\n\n\n\n<p>Ameri\u010dki predsjednik Donald Tramp ranije je rekao da je agent &#8222;u veoma dobrom stanju&#8220; nakon pucnjave jer ga je vjerovatno \u0161titio balisti\u010dki prsluk.<\/p>\n\n\n\n<p>&#8222;Rekli smo mu da ga volimo i po\u0161tujemo&#8220;, rekao je Tramp o agentu Tajne slu\u017ebe na konferenciji za novinare nakon incidenta.<\/p>\n\n\n\n<p><strong>Tu\u017eiteljka: Osumnji\u010deni za pucnjavu u Va\u0161ingtonu bi\u0107e formalno optu\u017een u ponedjeljak<\/strong><\/p>\n\n\n\n<p>Ameri\u010dka tu\u017eiteljka za Va\u0161ington D\u017eanin Piro izjavila je da \u0107e osumnji\u010deni za pucnjavu na doga\u0111aju u Va\u0161ingtonu, kojem je prisustvovao i ameri\u010dki predsjednik Donald Tramp, biti sjutra, formalno izveden pred sud i optu\u017een.<\/p>\n\n\n\n<p>Piro je kazala da se osumnji\u010deni suo\u010dava sa dvije ta\u010dke optu\u017enice za upotrebu vatrenog oru\u017eja, kao i za napad na savezne slu\u017ebenike upotrebom opasnog oru\u017eja, prenosi Bi-Bi-Si.<\/p>\n\n\n\n<p><strong>Tramp: Nije bilo upozorenja o prijetnjama prije pucnjave<\/strong><\/p>\n\n\n\n<p>Donald Tramp je na konferenciji za novinare u Bijeloj ku\u0107i posle pucnjave, na pitanje da li je bio upoznat sa bilo kakvim prijetnjama ili da li je njegov tim imao prethodno upozorenje, odgovorio negativno.<\/p>\n\n\n\n<p>&#8222;Ne. Nije bilo obavje\u0161tenja. Nismo imali pojma&#8220;, rekao je Tramp.<\/p>\n\n\n\n<p>Na pitanje da li vjeruje da je on bio meta napada, Tramp je odgovorio da pretpostavlja da jeste.<\/p>\n\n\n\n<p>&#8222;Pretpostavljam, mislim, ovi ljudi, oni su ludi, oni su ludi. I znate, nikad se ne zna. Bio je veoma daleko od mene&#8220;, kazao je Tramp.<\/p>\n\n\n\n<p>Istakao je da su mjere bezbjednosti koje je preduzela Tajna slu\u017eba u hotelu &#8222;Hilton&#8220; u Va\u0161ingtonu, gdje se odr\u017eavala sve\u010dana ve\u010dera, bile zna\u010dajne.<\/p>\n\n\n\n<p>&#8222;Imali smo resurse koji su sjedeli za stolovima, bukvalno preru\u0161eni. Ali imali smo, imali smo ljude po cijeloj prostoriji, tako da je (napada\u010d) imao dug put pred sobom&#8220;, rekao je Tramp.<\/p>\n\n\n\n<p><strong>Svjetski lideri osudili pucnjavu u Va\u0161ingtonu,<\/strong><\/p>\n\n\n\n<p>Pucnjava koja se dogodila u Va\u0161ingtonu tokom ve\u010dere Udru\u017eenja dopisnika Bijele ku\u0107e, kojoj je prisustvovao predsjednik SAD Donald Tramp, izazvala je osude \u0161irom svijeta, uz ocjene da je rije\u010d o &#8222;politi\u010dkom nasilju&#8220;.<\/p>\n\n\n\n<p>Kanadski premijer Mark Karni izjavio je da mu je laknulo \u0161to su Tramp, prva dama i svi gosti bezbjedni, poru\u010div\u0161i da nasilju nema mjesta u demokratiji.<\/p>\n\n\n\n<p>Sli\u010dne poruke uputili su i meksi\u010dka predsjednica Klaudija \u0160ejnbaum i australijski premijer Entoni Albaneze, koji su pozdravili brzu reakciju slu\u017ebi bezbjednosti i istakli da je najva\u017enije \u0161to niko nije povrije\u0111en.<\/p>\n\n\n\n<p><strong>Si-Bi-Es njuz: Osumnji\u010deni rekao snagama reda ko je bio meta<\/strong><\/p>\n\n\n\n<p>Mu\u0161karac osumnji\u010den za pucnjavu nakon hap\u0161enja je rekao organima reda da je \u017eelio da puca na zvani\u010dnike Trampove administracije, prenio je Si-Bi-Es njuz pozivaju\u0107i se na dva izvora.<\/p>\n\n\n\n<p><strong>U istom hotelu bio atentat na Ronalda Regana<\/strong><\/p>\n\n\n\n<p>Dana\u0161nji incident sa pucnjavom dogodio se u hotelu &#8222;Va\u0161ington Hilton&#8220; u aveniji Konektikat \u2013 istom onom hotelu u kojem je 1981. godine ranjen tada\u0161nji predsjednik SAD Ronald Regan, podsje\u0107a Bi-Bi-Si.<\/p>\n\n\n\n<p>Taj napad dogodio se 30. marta 1981. godine, kada je D\u017eon Hinkli Mla\u0111i otvorio vatru na Regana dok se vra\u0107ao ka limuzini nakon govora u hotelu.<\/p>\n\n\n\n<p>Regan je pre\u017eivio napad, ali je te\u0161ko ranjen metkom koji se odbio od predsjedni\u010dke limuzine i pogodio ga u grudni ko\u0161, polomiv\u0161i rebro i probiv\u0161i plu\u0107no krilo. Hitno je preba\u010den u bolnicu Univerziteta D\u017eord\u017e Va\u0161ington, odakle je otpu\u0161ten 11. aprila.<\/p>\n\n\n\n<p>U istom napadu ranjeni su i tada\u0161nji portparol Bijele ku\u0107e D\u017eejms Brejdi, agent Tajne slu\u017ebe i policajac Metropoliten policije.<\/p>\n\n\n\n<p>Brejdi je zadobio te\u0161ko o\u0161te\u0107enje mozga i ostao invalid do kraja \u017eivota, a posljedice ranjavanja uticale su i na njegovu smrt 2014. godine.<\/p>\n\n\n\n<p>Hinkli je naredne godine progla\u0161en neura\u010dunljivim i sme\u0161ten u visokobezbjednosni dio bolnice &#8222;Sent Elizabets&#8220; u Va\u0161ingtonu, gdje je ostao do pu\u0161tanja na slobodu 2016. godine.<\/p>\n\n\n\n<p>Na mjestu napada, na spoljnoj strani hotela, i danas se nalazi spomen-plo\u010da.<\/p>\n\n\n\n<p><strong>Osumnji\u010deni sa sobom imao sa\u010dmaricu, pi\u0161tolj i vi\u0161e no\u017eeva<\/strong><\/p>\n\n\n\n<p>Osumnji\u010deni za napad tokom ve\u010dere Udru\u017eenja dopisnika iz Bijele ku\u0107e bio je naoru\u017ean sa vi\u0161e komada oru\u017eja, izjavio je privremeni \u0161ef Metropoliten policije D\u017eefri V. Kerol.<\/p>\n\n\n\n<p>&#8222;Imao je sa\u010dmaricu, pi\u0161tolj i vi\u0161e no\u017eeva&#8220;, naveo je Kerol.<\/p>\n\n\n\n<p>Prema njegovim rije\u010dima, agent Tajne slu\u017ebe koji je povrije\u0111en u incidentu preba\u010den je u lokalnu bolnicu i nalazi se u &#8222;dobrom stanju&#8220;.<\/p>\n\n\n\n<p>Kerol je dodao da osumnji\u010deni nije pogo\u0111en vatrenim oru\u017ejem, kao i da sve ukazuje na to da je djelovao sam. Isti\u010de da u ovom trenutku ne postoji opasnost po javnost.<\/p>\n\n\n\n<p><strong>Tramp pozvao Amerikance da svoje nesuglasice rje\u0161avaju mirnim putem<\/strong><\/p>\n\n\n\n<p>Ameri\u010dki predsjednik Donald Tramp izjavio je da pretpostavlja da je bio meta mu\u0161karca koji je pucao na bezbjednosni punkt tokom godi\u0161nje ve\u010dere Udru\u017eenja dopisnika iz Bijele ku\u0107e, kada su se za\u010duli pucnji.<\/p>\n\n\n\n<p>Tramp je naveo da je njegov utisak da je napada\u010d djelovao sam.<\/p>\n\n\n\n<p>Na pitanje da li je incident povezan sa ratom protiv Irana, predsjednik SAD je odgovorio da &#8222;ne misli da jeste&#8220;.<\/p>\n\n\n\n<p>Istakao je da ga ovaj doga\u0111aj ne\u0107e odvratiti od, kako je rekao, pobjede u ratu protiv Irana.<\/p>\n\n\n\n<p>Tramp je u obra\u0107anju pozvao Amerikance da svoje nesuglasice rje\u0161avaju mirnim putem.<\/p>","protected":false},"excerpt":{"rendered":"<p>Donald Tramp je hitno evakuisan sa ve\u010dere Udru\u017eenja dopisnika iz Bijele ku\u0107e nakon \u0161to su se za\u010duli pucnji. Osumnji\u010deni, koji je u pritvoru, identifikovan je kao Kol Tomas Alen (31). U pucnjavi je jedan pripadnik obezbje\u0111enja ustrijeljen u za\u0161titnoj opremi.<\/p>","protected":false},"author":8,"featured_media":962175,"comment_status":"open","ping_status":"open","sticky":false,"template":"","format":"standard","meta":{"_acf_changed":false,"footnotes":"","jetpack_publicize_message":"","jetpack_publicize_feature_enabled":true,"jetpack_social_post_already_shared":true,"jetpack_social_options":{"image_generator_settings":{"template":"highway","default_image_id":0,"font":"","enabled":false},"version":2}},"categories":[14],"tags":[21289,230,70],"naslovna":[910],"class_list":["post-962174","post","type-post","status-publish","format-standard","has-post-thumbnail","hentry","category-svijet","tag-atentat","tag-donald-tramp","tag-sad","naslovna-preporuceno"],"acf":[],"jetpack_publicize_connections":[],"_links":{"self":[{"href":"https:\/\/gradski.me\/en\/wp-json\/wp\/v2\/posts\/962174","targetHints":{"allow":["GET"]}}],"collection":[{"href":"https:\/\/gradski.me\/en\/wp-json\/wp\/v2\/posts"}],"about":[{"href":"https:\/\/gradski.me\/en\/wp-json\/wp\/v2\/types\/post"}],"author":[{"embeddable":true,"href":"https:\/\/gradski.me\/en\/wp-json\/wp\/v2\/users\/8"}],"replies":[{"embeddable":true,"href":"https:\/\/gradski.me\/en\/wp-json\/wp\/v2\/comments?post=962174"}],"version-history":[{"count":2,"href":"https:\/\/gradski.me\/en\/wp-json\/wp\/v2\/posts\/962174\/revisions"}],"predecessor-version":[{"id":962233,"href":"https:\/\/gradski.me\/en\/wp-json\/wp\/v2\/posts\/962174\/revisions\/962233"}],"wp:featuredmedia":[{"embeddable":true,"href":"https:\/\/gradski.me\/en\/wp-json\/wp\/v2\/media\/962175"}],"wp:attachment":[{"href":"https:\/\/gradski.me\/en\/wp-json\/wp\/v2\/media?parent=962174"}],"wp:term":[{"taxonomy":"category","embeddable":true,"href":"https:\/\/gradski.me\/en\/wp-json\/wp\/v2\/categories?post=962174"},{"taxonomy":"post_tag","embeddable":true,"href":"https:\/\/gradski.me\/en\/wp-json\/wp\/v2\/tags?post=962174"},{"taxonomy":"naslovna","embeddable":true,"href":"https:\/\/gradski.me\/en\/wp-json\/wp\/v2\/naslovna?post=962174"}],"curies":[{"name":"wp","href":"https:\/\/api.w.org\/{rel}","templated":true}]}}