{"id":962172,"date":"2026-04-26T08:17:00","date_gmt":"2026-04-26T06:17:00","guid":{"rendered":"https:\/\/gradski.me\/?p=962172"},"modified":"2026-04-26T07:40:26","modified_gmt":"2026-04-26T05:40:26","slug":"pozari-u-sad-u-koji-su-unistili-vise-od-120-kuca-i-dalje-prijete-stanovnicima","status":"publish","type":"post","link":"https:\/\/gradski.me\/en\/svijet\/pozari-u-sad-u-koji-su-unistili-vise-od-120-kuca-i-dalje-prijete-stanovnicima\/","title":{"rendered":"Po\u017eari u SAD-u koji su uni\u0161tili vi\u0161e od 120 ku\u0107a i dalje prijete stanovnicima"},"content":{"rendered":"<p><\/p>\n\n\n\n<p>Menad\u017eer okruga Brantley Joey Cason opisao je u subotnjem jutarnjem videu objavljenom na dru\u0161tvenim mre\u017eama da je rije\u010d o &#8222;dinami\u010dnoj situaciji&#8220; i zamolio stanovnike da &#8222;molim vas, evakui\u0161ite se&#8220; ako im to bude nare\u0111eno.<\/p>\n\n\n\n<p>&#8222;Ovaj po\u017ear \u0107e se kretati vrlo brzo kada vjetrovi stignu kasnije danas&#8220;, rekao je.<\/p>\n\n\n\n<p>Po\u017ear nazvan Highway 82 Fire gori od ponedjeljka i do sada je uni\u0161tio najmanje 87 ku\u0107a. Guverner D\u017eord\u017eije Brian Kemp rekao je u petak da je to najve\u0107i broj uni\u0161tenih ku\u0107a u jednom po\u017earu u istoriji ove savezne dr\u017eave.<\/p>\n\n\n\n<p>Po\u017ear je izazvao balon od folije koji je udario u dalekovod pod naponom, \u0161to je stvorilo elektri\u010dni luk i zapalilo zapaljivi materijal na tlu. U petak nave\u010der izvr\u0161en je infracrveni prelet koji detektuje toplotu, \u0161to je pomoglo zvani\u010dnicima da preciznije mapiraju po\u017ear. U saop\u0107enju u subotu navedeno je da je obim po\u017eara ve\u0107i od 14,8 kvadratnih milja, a da je po\u017ear obuzdan tek oko 10 posto.<\/p>\n\n\n\n<p>U me\u0111uvremenu, drugi po\u017ear oko 70 milja jugozapadno, u okruzima Clinch i Echols, blizu granice s Floridom, zahvatio je vi\u0161e od 46,9 kvadratnih milja i uni\u0161tio najmanje 35 ku\u0107a. Taj po\u017ear je izazvala varnica nastala tokom zavariva\u010dkih radova, a do subote u podne tako\u0111e je bio obuzdan oko 10 posto.<\/p>\n\n\n\n<p>Vatrogasci se istovremeno bore s vi\u0161e od 150 drugih \u0161umskih po\u017eara u D\u017eord\u017eiji i Floridi, koji su poslali dimnu izmaglicu stotinama kilometara dalje, uzrokuju\u0107i upozorenja na lo\u0161 kvalitet vazduha u nekim gradovima.<\/p>\n\n\n\n<p>Neuobi\u010dajeno velik broj po\u017eara ove sezone bilje\u017ei se \u0161irom jugoistoka SAD-a. Nau\u010dnici ka\u017eu da je rizik od po\u017eara poja\u010dan kombinacijom ekstremne su\u0161e, jakih vjetrova, klimatskih promjena i sasu\u0161enih stabala koja jo\u0161 uvijek prekrivaju neke \u0161ume nakon \u0161to ih je oborio uragan Helene 2024. godine.<\/p>\n\n\n\n<p>Na sjeveru Floride, dobrovoljni vatrogasac iz Kabineta \u0161erifa okruga Nassau James &#8222;Kevin&#8220; Crews preminuo je u \u010detvrtak ve\u010de nakon \u0161to je pretrpio nedefinisano zdravstveno stanje dok je gasio po\u017ear niskog raslinja. U D\u017eord\u017eiji do sada nisu zabilje\u017eene \u017ertve ni povrije\u0111eni u po\u017earima.<\/p>","protected":false},"excerpt":{"rendered":"<p>Dva \u0161umska po\u017eara na jugoistoku D\u017eord\u017eije nastavila su u subotu ugro\u017eavati ku\u0107e i ljudske \u017eivote, dok su zvani\u010dnici upozorili da bi jaki vjetrovi mogli dodatno pro\u0161iriti vatru.<\/p>","protected":false},"author":8,"featured_media":926343,"comment_status":"open","ping_status":"open","sticky":false,"template":"","format":"standard","meta":{"_acf_changed":false,"footnotes":"","jetpack_publicize_message":"","jetpack_publicize_feature_enabled":true,"jetpack_social_post_already_shared":true,"jetpack_social_options":{"image_generator_settings":{"template":"highway","default_image_id":0,"font":"","enabled":false},"version":2}},"categories":[14],"tags":[31453,31452,70],"naslovna":[],"class_list":["post-962172","post","type-post","status-publish","format-standard","has-post-thumbnail","hentry","category-svijet","tag-dzordzija","tag-pozar-sad","tag-sad"],"acf":[],"jetpack_publicize_connections":[],"_links":{"self":[{"href":"https:\/\/gradski.me\/en\/wp-json\/wp\/v2\/posts\/962172","targetHints":{"allow":["GET"]}}],"collection":[{"href":"https:\/\/gradski.me\/en\/wp-json\/wp\/v2\/posts"}],"about":[{"href":"https:\/\/gradski.me\/en\/wp-json\/wp\/v2\/types\/post"}],"author":[{"embeddable":true,"href":"https:\/\/gradski.me\/en\/wp-json\/wp\/v2\/users\/8"}],"replies":[{"embeddable":true,"href":"https:\/\/gradski.me\/en\/wp-json\/wp\/v2\/comments?post=962172"}],"version-history":[{"count":1,"href":"https:\/\/gradski.me\/en\/wp-json\/wp\/v2\/posts\/962172\/revisions"}],"predecessor-version":[{"id":962173,"href":"https:\/\/gradski.me\/en\/wp-json\/wp\/v2\/posts\/962172\/revisions\/962173"}],"wp:featuredmedia":[{"embeddable":true,"href":"https:\/\/gradski.me\/en\/wp-json\/wp\/v2\/media\/926343"}],"wp:attachment":[{"href":"https:\/\/gradski.me\/en\/wp-json\/wp\/v2\/media?parent=962172"}],"wp:term":[{"taxonomy":"category","embeddable":true,"href":"https:\/\/gradski.me\/en\/wp-json\/wp\/v2\/categories?post=962172"},{"taxonomy":"post_tag","embeddable":true,"href":"https:\/\/gradski.me\/en\/wp-json\/wp\/v2\/tags?post=962172"},{"taxonomy":"naslovna","embeddable":true,"href":"https:\/\/gradski.me\/en\/wp-json\/wp\/v2\/naslovna?post=962172"}],"curies":[{"name":"wp","href":"https:\/\/api.w.org\/{rel}","templated":true}]}}