{"id":962111,"date":"2026-04-26T11:44:00","date_gmt":"2026-04-26T09:44:00","guid":{"rendered":"https:\/\/gradski.me\/?p=962111"},"modified":"2026-04-26T11:27:24","modified_gmt":"2026-04-26T09:27:24","slug":"budva-pred-svojim-navijacima-ima-prvu-mec-loptu","status":"publish","type":"post","link":"https:\/\/gradski.me\/en\/sport\/budva-pred-svojim-navijacima-ima-prvu-mec-loptu\/","title":{"rendered":"Budva has its first match ball in front of its fans"},"content":{"rendered":"<p>Budvani su velikim preokretom u prvom me\u010du sa\u010duvali prednost doma\u0107eg terena, trijumfom 3:2, koji su ovjerili maksimalnom pobjedom u Podgorici u revan\u0161u. Prima\u010d servisa Budve,&nbsp;<strong>Vuka\u0161in<\/strong>&nbsp;<strong>Cimbaljevi\u0107<\/strong>, vjeruje da mirno\u0107a koju je njegov tim imao u SC \u201cMora\u010da\u201d mo\u017ee da bude od presudnog zna\u010daja.<\/p>\n\n\n\n<p><strong>\u201cSvjesni smo zna\u010daja ovog me\u010da i \u010dinjenice da on mo\u017ee biti odlu\u010duju\u0107i, ali na\u0161 cilj je da u utakmicu u\u0111emo mirno i fokusirano kao u prethodnom susretu u Podgorici. Motivacija u ekipi je na visokom nivou i siguran sam da uz na\u0161u kvalitetnu igru i maksimalnu disciplinu mo\u017eemo napraviti zavr\u0161ni korak ka osvajanju trofeja. Ovom prilikom pozivam sve navija\u010de da do\u0111u u nedjelju, budu uz nas i pru\u017ee nam podr\u0161ku u ovoj va\u017enoj utakmici\u201d<\/strong>, kazao je crnogorski reprezentativac.<\/p>\n\n\n\n<p>\u201cMirna glava\u201d recept je za novu priliku, smatra&nbsp;<strong>Marko<\/strong>&nbsp;<strong>Sin\u0111eli\u0107<\/strong>, koji vjeruje da serija nije gotova.<\/p>\n\n\n\n<p><strong>\u201cNije lako kad je 2:0 za protivnika, ali mi vjerujemo u sebe. Ovo je me\u010d koji tra\u017ei maksimalnu pripremu i disciplinu. Najva\u017enije je da ostanemo mirni, da ne gubimo glavu kada do\u0111u te\u0161ki trenuci i da igramo kao tim. Da\u0107emo sve od sebe na terenu i boriti se za svaku loptu, jer za nas ova serija jo\u0161 nije gotova\u201d<\/strong>, kazao je visoki srednji bloker Budu\u0107nosti.<\/p>\n\n\n\n<p>Duel u Mediteranskom sportskom centru bi\u0107e \u010dak osmi me\u0111usobni dobro poznatih rivala. U slu\u010daju ribrejka Budu\u0107nosti naredni me\u010d planiran je za utorak, 28. april, u SC \u201cMora\u010da\u201d.<\/p>","protected":false},"excerpt":{"rendered":"<p>The third match of the final series of the EPCG Super League volleyball playoffs will be played today starting at 6 pm and will be broadcast on RTCG. Budva will host Buducnost after winning the opening two matches and will have a chance to continue their championship streak in front of their home crowd, while Buducnost is playing for the extension of the series.<\/p>","protected":false},"author":6,"featured_media":960024,"comment_status":"open","ping_status":"open","sticky":false,"template":"","format":"standard","meta":{"_acf_changed":false,"footnotes":"","jetpack_publicize_message":"","jetpack_publicize_feature_enabled":true,"jetpack_social_post_already_shared":true,"jetpack_social_options":{"image_generator_settings":{"template":"highway","default_image_id":0,"font":"","enabled":false},"version":2}},"categories":[15],"tags":[8246,3228,4082],"naslovna":[],"class_list":["post-962111","post","type-post","status-publish","format-standard","has-post-thumbnail","hentry","category-sport","tag-epcg-superliga-odbojkasa","tag-ok-buducnost","tag-ok-budva"],"acf":[],"jetpack_publicize_connections":[],"_links":{"self":[{"href":"https:\/\/gradski.me\/en\/wp-json\/wp\/v2\/posts\/962111","targetHints":{"allow":["GET"]}}],"collection":[{"href":"https:\/\/gradski.me\/en\/wp-json\/wp\/v2\/posts"}],"about":[{"href":"https:\/\/gradski.me\/en\/wp-json\/wp\/v2\/types\/post"}],"author":[{"embeddable":true,"href":"https:\/\/gradski.me\/en\/wp-json\/wp\/v2\/users\/6"}],"replies":[{"embeddable":true,"href":"https:\/\/gradski.me\/en\/wp-json\/wp\/v2\/comments?post=962111"}],"version-history":[{"count":3,"href":"https:\/\/gradski.me\/en\/wp-json\/wp\/v2\/posts\/962111\/revisions"}],"predecessor-version":[{"id":962114,"href":"https:\/\/gradski.me\/en\/wp-json\/wp\/v2\/posts\/962111\/revisions\/962114"}],"wp:featuredmedia":[{"embeddable":true,"href":"https:\/\/gradski.me\/en\/wp-json\/wp\/v2\/media\/960024"}],"wp:attachment":[{"href":"https:\/\/gradski.me\/en\/wp-json\/wp\/v2\/media?parent=962111"}],"wp:term":[{"taxonomy":"category","embeddable":true,"href":"https:\/\/gradski.me\/en\/wp-json\/wp\/v2\/categories?post=962111"},{"taxonomy":"post_tag","embeddable":true,"href":"https:\/\/gradski.me\/en\/wp-json\/wp\/v2\/tags?post=962111"},{"taxonomy":"naslovna","embeddable":true,"href":"https:\/\/gradski.me\/en\/wp-json\/wp\/v2\/naslovna?post=962111"}],"curies":[{"name":"wp","href":"https:\/\/api.w.org\/{rel}","templated":true}]}}