{"id":962074,"date":"2026-04-26T07:00:00","date_gmt":"2026-04-26T05:00:00","guid":{"rendered":"https:\/\/gradski.me\/?p=962074"},"modified":"2026-04-25T20:12:03","modified_gmt":"2026-04-25T18:12:03","slug":"danas-pretezno-suncano-do-26-stepeni","status":"publish","type":"post","link":"https:\/\/gradski.me\/en\/drustvo\/danas-pretezno-suncano-do-26-stepeni\/","title":{"rendered":"Danas prete\u017eno sun\u010dano, do 26 stepeni"},"content":{"rendered":"<p><\/p>\n\n\n\n<p>Kako je saop\u0161teno iz Zavoda za hidrometeorologiju i seizmologiju, poslijepodne u kontinentalnim predjelima o\u010dekuje se slab do umjeren razvoj obla\u010dnosti.&nbsp;<\/p>\n\n\n\n<p>Vjetar \u0107e biti slab do umjeren promjenljivog smjera, tokom no\u0107i mjestimi\u010dno umjeren do poja\u010dan, sjeverni.&nbsp;<\/p>\n\n\n\n<p>Jutarnja temperatura od nula do 11, najvi\u0161a dnevna od 16 do 26 stepeni.<\/p>","protected":false},"excerpt":{"rendered":"<p>U Crnoj Gori danas \u0107e biti prete\u017eno sun\u010dano, uz najvi\u0161u dnevnu temperaturu do 26 stepeni.<\/p>","protected":false},"author":8,"featured_media":944352,"comment_status":"open","ping_status":"open","sticky":false,"template":"","format":"standard","meta":{"_acf_changed":false,"footnotes":"","jetpack_publicize_message":"","jetpack_publicize_feature_enabled":true,"jetpack_social_post_already_shared":true,"jetpack_social_options":{"image_generator_settings":{"template":"highway","default_image_id":0,"font":"","enabled":false},"version":2}},"categories":[9],"tags":[16],"naslovna":[],"class_list":["post-962074","post","type-post","status-publish","format-standard","has-post-thumbnail","hentry","category-drustvo","tag-vremenska-prognoza"],"acf":[],"jetpack_publicize_connections":[],"_links":{"self":[{"href":"https:\/\/gradski.me\/en\/wp-json\/wp\/v2\/posts\/962074","targetHints":{"allow":["GET"]}}],"collection":[{"href":"https:\/\/gradski.me\/en\/wp-json\/wp\/v2\/posts"}],"about":[{"href":"https:\/\/gradski.me\/en\/wp-json\/wp\/v2\/types\/post"}],"author":[{"embeddable":true,"href":"https:\/\/gradski.me\/en\/wp-json\/wp\/v2\/users\/8"}],"replies":[{"embeddable":true,"href":"https:\/\/gradski.me\/en\/wp-json\/wp\/v2\/comments?post=962074"}],"version-history":[{"count":1,"href":"https:\/\/gradski.me\/en\/wp-json\/wp\/v2\/posts\/962074\/revisions"}],"predecessor-version":[{"id":962075,"href":"https:\/\/gradski.me\/en\/wp-json\/wp\/v2\/posts\/962074\/revisions\/962075"}],"wp:featuredmedia":[{"embeddable":true,"href":"https:\/\/gradski.me\/en\/wp-json\/wp\/v2\/media\/944352"}],"wp:attachment":[{"href":"https:\/\/gradski.me\/en\/wp-json\/wp\/v2\/media?parent=962074"}],"wp:term":[{"taxonomy":"category","embeddable":true,"href":"https:\/\/gradski.me\/en\/wp-json\/wp\/v2\/categories?post=962074"},{"taxonomy":"post_tag","embeddable":true,"href":"https:\/\/gradski.me\/en\/wp-json\/wp\/v2\/tags?post=962074"},{"taxonomy":"naslovna","embeddable":true,"href":"https:\/\/gradski.me\/en\/wp-json\/wp\/v2\/naslovna?post=962074"}],"curies":[{"name":"wp","href":"https:\/\/api.w.org\/{rel}","templated":true}]}}