{"id":962055,"date":"2026-04-26T07:15:00","date_gmt":"2026-04-26T05:15:00","guid":{"rendered":"https:\/\/gradski.me\/?p=962055"},"modified":"2026-04-25T22:03:26","modified_gmt":"2026-04-25T20:03:26","slug":"kostic-crna-gora-da-se-pozicionira-kao-turisticka-destinacija-sa-umjereno-visokim-nivoom-turizma","status":"publish","type":"post","link":"https:\/\/gradski.me\/en\/ekonomija\/kostic-crna-gora-da-se-pozicionira-kao-turisticka-destinacija-sa-umjereno-visokim-nivoom-turizma\/","title":{"rendered":"Kosti\u0107: Crna Gora da se pozicionira kao turisti\u010dka destinacija sa umjereno visokim nivoom turizma"},"content":{"rendered":"<p>U susret ljetnjoj turisti\u010dkoj sezoni, Kosti\u0107 ka\u017ee da se jo\u0161 ne mo\u017ee sa sigurno\u0161\u0107u utvrditi \u0161ta \u0107e rat na Bliskom istoku donijeti, ali i da Crna Gora treba da se odmakne od masovnog i okrene ciljanom turizmu sa jasno targetiranim tr\u017ei\u0161tima.<\/p>\n\n\n\n<p>Brojni su faktori koji \u0107e uticati na ljetnju sezonu, ka\u017ee Kosti\u0107, navode\u0107i mogu\u0107e nesta\u0161ice goriva na pumpama, ali i za avio kompanije, \u0161to se mo\u017ee odraziti na dolazak gostiju. Zato je, poru\u010duje, kao i kod poljoprivrede, neophodan strate\u0161ki pristup sa jasno definisanim ciljevima.<\/p>\n\n\n\n<p>Crna Gora je, tokom pro\u0161le godine, uvezla 842 miliona eura hrane, odnosno 70 miliona vi\u0161e nego 2024. godine.<\/p>\n\n\n\n<p>&#8222;Ukoliko dr\u017eava ne po\u010dne strate\u0161ki da rje\u0161ava taj problem, ekonomija \u0107e vi\u0161e biti na stranputci&#8220;, istakao je Kosti\u0107.<\/p>\n\n\n\n<p>Prosje\u010dan stanovnik Crne Gore dnevno potro\u0161i \u010detiri eura za uvoznu hranu. Kosti\u0107 isti\u010de da ako se uzme u obzir da Crna Gora gotovo sve uvozi, onda nema govora o produktivnosti i njenoj konkurentnosti na regionalnom i drugim tr\u017ei\u0161tima.<\/p>\n\n\n\n<p>\u201eImati tako visok uvoz, odnosno biti toliko uvozno zavistan, generi\u0161e mnogo problema u CG ekonomiji i dovodi do velike potrebe za zadu\u017eivanjem. Kada imate visok trgovinski deficit imate i deficit blizanca \u2013 bud\u017eetski deficit\u201c, istakao je Kosti\u0107.<\/p>\n\n\n\n<p>Ukoliko se, nagla\u0161ava, dr\u017eava na strate\u0161kom nivou ne po\u010dne baviti tim vi\u0161edecenijskim problemom, Crna Gora \u0107e sve vi\u0161e biti na ekonomskoj stranputici.<\/p>\n\n\n\n<p>\u201eJer na kraju, postoje ograni\u010deni krediti i najve\u0107a posljedica je usporen rast i razvoj, a to se preliva preko standarda gra\u0111ana koji ne da \u017eive bolje, nego stagniraju i \u017eive gore\u201c, kazao je Kosti\u0107.<\/p>\n\n\n\n<p>Dok proivo\u0111a\u010di hrane u Crnoj Gori poru\u010duju da je agrobud\u017eet vi\u0161e socijalni, nego razvojni &#8211; Kosti\u0107 smatra da bi njegovo bolje planiranje i pove\u0107anje doma\u0107e proizvodnje dovelo do smanjenja uvoza, ali i pove\u0107anja indirektnog izvoza.<\/p>\n\n\n\n<p>\u201ePoljoprivreda bi morala da bude predmet strate\u0161ke pa\u017enje, ali na\u017ealost to se ne de\u0161ava i to vidimo kroz nivo opredijeljenosti agrobud\u017eeta za ovu ali i sve prethodne godine\u201c, naveo je Kosti\u0107.<\/p>\n\n\n\n<figure class=\"wp-block-embed is-type-video is-provider-youtube wp-block-embed-youtube wp-embed-aspect-16-9 wp-has-aspect-ratio\"><div class=\"wp-block-embed__wrapper\">\n<iframe title=\"Kosti\u0107: Crna Gora da se pozicionira kao turisti\u010dka destinacija sa umjereno visokim nivoom turizma\" width=\"800\" height=\"450\" src=\"https:\/\/www.youtube.com\/embed\/U8uDK3Jvry0?feature=oembed\" frameborder=\"0\" allow=\"accelerometer; autoplay; clipboard-write; encrypted-media; gyroscope; picture-in-picture; web-share\" referrerpolicy=\"strict-origin-when-cross-origin\" allowfullscreen><\/iframe>\n<\/div><\/figure>","protected":false},"excerpt":{"rendered":"<p>Potrebo je da sistematski podi\u017eemo Crnu Goru kao turisti\u010dku destinaciju sa umjereno visokim nivoom turizma, a ne da zavisimo od masovnog kada se optere\u0107uje i gotovo devastira infrastruktura, \u010dime se pove\u0107ava broj dolazaka ali se smanjuje broj no\u0107enja i realizuje se u nama konkurentskim dr\u017eavama, ocijenio je ekonomski analiti\u010dar Vasilije Kosti\u0107 za RTV Podgorica.<\/p>","protected":false},"author":8,"featured_media":962057,"comment_status":"open","ping_status":"open","sticky":false,"template":"","format":"standard","meta":{"_acf_changed":false,"footnotes":"","jetpack_publicize_message":"","jetpack_publicize_feature_enabled":true,"jetpack_social_post_already_shared":true,"jetpack_social_options":{"image_generator_settings":{"template":"highway","default_image_id":0,"font":"","enabled":false},"version":2}},"categories":[8],"tags":[3317,1618,478,4755],"naslovna":[909],"class_list":["post-962055","post","type-post","status-publish","format-standard","has-post-thumbnail","hentry","category-ekonomija","tag-poljoprivreda","tag-sezona","tag-turizam","tag-vasilije-kostic","naslovna-naslovna-velika"],"acf":[],"jetpack_publicize_connections":[],"_links":{"self":[{"href":"https:\/\/gradski.me\/en\/wp-json\/wp\/v2\/posts\/962055","targetHints":{"allow":["GET"]}}],"collection":[{"href":"https:\/\/gradski.me\/en\/wp-json\/wp\/v2\/posts"}],"about":[{"href":"https:\/\/gradski.me\/en\/wp-json\/wp\/v2\/types\/post"}],"author":[{"embeddable":true,"href":"https:\/\/gradski.me\/en\/wp-json\/wp\/v2\/users\/8"}],"replies":[{"embeddable":true,"href":"https:\/\/gradski.me\/en\/wp-json\/wp\/v2\/comments?post=962055"}],"version-history":[{"count":2,"href":"https:\/\/gradski.me\/en\/wp-json\/wp\/v2\/posts\/962055\/revisions"}],"predecessor-version":[{"id":962156,"href":"https:\/\/gradski.me\/en\/wp-json\/wp\/v2\/posts\/962055\/revisions\/962156"}],"wp:featuredmedia":[{"embeddable":true,"href":"https:\/\/gradski.me\/en\/wp-json\/wp\/v2\/media\/962057"}],"wp:attachment":[{"href":"https:\/\/gradski.me\/en\/wp-json\/wp\/v2\/media?parent=962055"}],"wp:term":[{"taxonomy":"category","embeddable":true,"href":"https:\/\/gradski.me\/en\/wp-json\/wp\/v2\/categories?post=962055"},{"taxonomy":"post_tag","embeddable":true,"href":"https:\/\/gradski.me\/en\/wp-json\/wp\/v2\/tags?post=962055"},{"taxonomy":"naslovna","embeddable":true,"href":"https:\/\/gradski.me\/en\/wp-json\/wp\/v2\/naslovna?post=962055"}],"curies":[{"name":"wp","href":"https:\/\/api.w.org\/{rel}","templated":true}]}}