{"id":961798,"date":"2026-04-25T07:54:00","date_gmt":"2026-04-25T05:54:00","guid":{"rendered":"https:\/\/gradski.me\/?p=961798"},"modified":"2026-04-25T07:44:27","modified_gmt":"2026-04-25T05:44:27","slug":"sedam-zivota-izgubljeno-prosle-godine-zbog-nasilja-u-porodici","status":"publish","type":"post","link":"https:\/\/gradski.me\/en\/drustvo\/sedam-zivota-izgubljeno-prosle-godine-zbog-nasilja-u-porodici\/","title":{"rendered":"Sedam \u017eivota izgubljeno pro\u0161le godine zbog nasilja u porodici"},"content":{"rendered":"<p><br>U Crnoj Gori tokom 2025. godine \u010dak sedam slu\u010dajeva nasilja u porodici zavr\u0161ilo tragi\u010dnim, smrtnim ishodom, pokazuju podaci iz najnovije sektorske analize Ministarstva unutra\u0161njih poslova Crne Gore. Jedno ubistvo, \u010detiri te\u0161ka ubistva, jedan slu\u010daj nasilja u porodici sa smrtnom posljedicom, kao i jedan slu\u010daj ubistva djeteta pri poro\u0111aju, ukazuje na ekstremno nasilje koje u na\u0161oj dr\u017eavi eksalira.<\/p>\n\n\n\n<p><\/p>\n\n\n\n<p>Ovi podaci, uz zabilje\u017een trend rasta svih oblika nasilja, name\u0107u hitnu potrebu za ja\u010danjem sistema za\u0161tite \u017ertava prije nego \u0161to situacija postane jo\u0161 alarmantnija.<\/p>\n\n\n\n<p>Podaci iz ove analize otkrivaju da tokom 2025. godine, policijske intervencije u domovima nijesu zavr\u0161avale samo prijavama, ve\u0107 i zapljenama arsenala oru\u017eja, dok su \u017ertve, uklu\u010duju\u0107i i djecu, spas morali potra\u017eiti u sigurnim ku\u0107ama.<\/p>\n\n\n\n<p>Postupaju\u0107i po prijavama o nasilju u porodici, policijski slu\u017ebenici su tokom 2025. godine privremeno oduzeli ukupno 109 komada vatrenog oru\u017eja.<\/p>\n\n\n\n<p>Posebno zabrinjava struktura tog naoru\u017eanja.<\/p>\n\n\n\n<p>&#8222;Naime, \u010dak 75 komada oru\u017eja bilo je u legalnom posjedu, dok su 34 komada bila nedozvoljeno dr\u017eana&#8220;, pi\u0161e u dokumentu.<\/p>\n\n\n\n<p>Ovi podaci sugeri\u0161u da prisustvo oru\u017eja u ku\u0107i, \u010dak i kada je ono zakonski regulisano, predstavlja ogroman rizik u kriznim situacijama unutar porodice<\/p>\n\n\n\n<p>Nasilje nije po\u0161tedjelo ni najmla\u0111e, pa je tako u analiziranom periodu 45 \u017ertava je moralo biti upu\u0107eno u skloni\u0161ta, a me\u0111u njima je bilo i devet maloljetnih lica.<\/p>\n\n\n\n<p>&#8222;U toku 2025. godine registrovano je sedam slu\u010dajeva koja su ishodovala smrtnom posljedicom i to: Jedno KD ( Ubistvo \u010dl 143 KZCG), \u010detiri KD ( Te\u0161ko ubistvo iz \u010dl.144 KZCG), jedno KD ( Nasilje u porodici ili u porodi\u010dnoj zajednici iz \u010dl 220 KZCG) i jedno KD (Ubistvo djeteta pri poro\u0111aju iz \u010dl 146 KZCG)&#8220;, pi\u0161e u dokumentu.<\/p>\n\n\n\n<p>Registrovane su 1.152 \u017ertve nasilja u porodici, od kojih je \u010dak 141 maloljetno lice.<\/p>\n\n\n\n<p>Iako institucije ula\u017eu napore, u samom se dokumentu priznaje da \u017ertve \u010desto ostaju &#8222;neprimije\u0107ene i neza\u0161ti\u0107ene&#8220; jer se sistem primarno fokusira na procesuiranje nasilnika, a manje na direktnu podr\u0161ku onima koji trpe bol.<\/p>\n\n\n\n<p>Policija je du\u017ena da u postupku spre\u010davanja i otkrivanja djela &#8222;nasilje u porodici&#8220; postupa obazrivo, objektivno i na na\u010din koji je prilago\u0111en posebnim potrebama \u017eena, djece, starih i nemo\u0107nih lica, osoba sa invaliditetom koje su naj\u010de\u0161\u0107e \u017ertve.<\/p>\n\n\n\n<p>&#8222;Na\u017ealost, jedna institucija ne mo\u017ee sama da uradi sve. Razlog nije samo nedostatak sistema podr\u0161ke, nego i zakoni koje je dala upravo sama dr\u017eava. Dr\u017eava predvi\u0111a da se problem nasilja rje\u0161ava kroz \u201esistem\u201c, i to tako da sve institucije, odnosno svaka od njih ima svoj dIo posla koji treba da se uradi da bi se do\u0161lo do rje\u0161enja. Dakle, kao zaklju\u010dak se name\u0107e da \u017eene generalno nijesu dovoljno informisane o na\u010dinu na koji se pru\u017ea pomo\u0107 i podr\u0161ka, odnosno na\u010dinu na koji se dr\u017eava bori protiv nasilja. Potrebno je da se radi sa \u017ertvom, izme\u0111u akta nasilja do prijavljivanja istog, \u0161to sistem koji je definisala dr\u017eava, trenutno nedovoljno radi. I to jeste problem&#8220;, pi\u0161e u dokumentu.<\/p>\n\n\n\n<p>Navode da se sistem trenutno bavi nasilnikom, a ne \u017ertvom.<\/p>\n\n\n\n<p>&#8222;Dakle, \u017ertva ostaje neprimije\u0107ena i moglo bi se re\u0107i i neza\u0161ti\u0107ena. Jedinu podr\u0161ku za sada pru\u017eaju nevladine organizacije i upravo iz tog razloga, \u017eene se danas sve vi\u0161e obra\u0107aju za pomo\u0107 upravo ovim organizacijama, prije nego policiji ili Centar za socijalni rad(naro\u010dito one \u017eene koje su se ve\u0107 razo\u010darale u sistem, odnosno one koje su do\u017eivjele nasilje ponovo ili ga stalno do\u017eivljavaju). Saradnja izme\u0111u institucija trenutno nije na zadovoljavaju\u0107em nivou i trebalo bi da se radi na tome da svako preuzme svoj dio odgovornosti, a zatim i da se radi na tome da se institucije \u0161to bolje pove\u017eu, da razmjenjuju informacije i da poma\u017eu jedni drugima u radu&#8220;, pi\u0161e u ovom dukumentu.<\/p>\n\n\n\n<p>Izvori iz policije navode da su intervencije u porodici me\u0111u &#8222;najte\u017eim i najkomplikovanijim&#8220;, prvenstveno zbog bliskosti aktera i prisustva djece.<\/p>\n\n\n\n<p>Kako bi se odgovorilo na ove izazove, Ministarstvo unutra\u0161njih poslova planira poja\u010dati saradnju s civilnim dru\u0161tvom kroz projekte poput \u201eZajedno za sigurnost \u017ertava \u2013 osna\u017een institucionalni odgovor\u201d.<\/p>\n\n\n\n<p>Cilj je ne samo efikasnije oduzimanje oru\u017eja i hitna za\u0161tita, ve\u0107 i promjena svijesti gra\u0111ana kroz kampanje koje bi ohrabrile prijavljivanje nasilja, \u0161to trenutno planira u\u010diniti preko 80% ispitanika u teoriji, ali je praksa \u010desto druga\u010dija.<\/p>","protected":false},"excerpt":{"rendered":"<p>U Crnoj Gori tokom 2025. godine \u010dak sedam slu\u010dajeva nasilja u porodici zavr\u0161ilo tragi\u010dnim, smrtnim ishodom, pokazuju podaci iz najnovije sektorske analize Ministarstva unutra\u0161njih poslova Crne Gore. Jedno ubistvo, \u010detiri te\u0161ka ubistva, jedan slu\u010daj nasilja u porodici sa smrtnom posljedicom, kao i jedan slu\u010daj ubistva djeteta pri poro\u0111aju, ukazuje na ekstremno nasilje koje u na\u0161oj [&hellip;]<\/p>\n","protected":false},"author":5,"featured_media":929091,"comment_status":"open","ping_status":"open","sticky":false,"template":"","format":"standard","meta":{"_acf_changed":false,"footnotes":"","jetpack_publicize_message":"","jetpack_publicize_feature_enabled":true,"jetpack_social_post_already_shared":true,"jetpack_social_options":{"image_generator_settings":{"template":"highway","default_image_id":0,"font":"","enabled":false},"version":2}},"categories":[9],"tags":[1144,2622],"naslovna":[910],"class_list":["post-961798","post","type-post","status-publish","format-standard","has-post-thumbnail","hentry","category-drustvo","tag-nasilje","tag-porodica","naslovna-preporuceno"],"acf":[],"jetpack_publicize_connections":[],"_links":{"self":[{"href":"https:\/\/gradski.me\/en\/wp-json\/wp\/v2\/posts\/961798","targetHints":{"allow":["GET"]}}],"collection":[{"href":"https:\/\/gradski.me\/en\/wp-json\/wp\/v2\/posts"}],"about":[{"href":"https:\/\/gradski.me\/en\/wp-json\/wp\/v2\/types\/post"}],"author":[{"embeddable":true,"href":"https:\/\/gradski.me\/en\/wp-json\/wp\/v2\/users\/5"}],"replies":[{"embeddable":true,"href":"https:\/\/gradski.me\/en\/wp-json\/wp\/v2\/comments?post=961798"}],"version-history":[{"count":1,"href":"https:\/\/gradski.me\/en\/wp-json\/wp\/v2\/posts\/961798\/revisions"}],"predecessor-version":[{"id":961799,"href":"https:\/\/gradski.me\/en\/wp-json\/wp\/v2\/posts\/961798\/revisions\/961799"}],"wp:featuredmedia":[{"embeddable":true,"href":"https:\/\/gradski.me\/en\/wp-json\/wp\/v2\/media\/929091"}],"wp:attachment":[{"href":"https:\/\/gradski.me\/en\/wp-json\/wp\/v2\/media?parent=961798"}],"wp:term":[{"taxonomy":"category","embeddable":true,"href":"https:\/\/gradski.me\/en\/wp-json\/wp\/v2\/categories?post=961798"},{"taxonomy":"post_tag","embeddable":true,"href":"https:\/\/gradski.me\/en\/wp-json\/wp\/v2\/tags?post=961798"},{"taxonomy":"naslovna","embeddable":true,"href":"https:\/\/gradski.me\/en\/wp-json\/wp\/v2\/naslovna?post=961798"}],"curies":[{"name":"wp","href":"https:\/\/api.w.org\/{rel}","templated":true}]}}