{"id":961795,"date":"2026-04-25T07:41:29","date_gmt":"2026-04-25T05:41:29","guid":{"rendered":"https:\/\/gradski.me\/?p=961795"},"modified":"2026-04-25T07:41:31","modified_gmt":"2026-04-25T05:41:31","slug":"drzava-spremna-za-pozarnu-sezonu-obuceno-200-pripadnika-sluzbi-zastite-i-spasavanja","status":"publish","type":"post","link":"https:\/\/gradski.me\/en\/drustvo\/drzava-spremna-za-pozarnu-sezonu-obuceno-200-pripadnika-sluzbi-zastite-i-spasavanja\/","title":{"rendered":"Dr\u017eava spremna za po\u017earnu sezonu: Obu\u010deno 200 pripadnika slu\u017ebi za\u0161tite i spa\u0161avanja"},"content":{"rendered":"<p><\/p>\n\n\n\n<p><\/p>\n\n\n\n<p><\/p>\n\n\n\n<p>Pred po\u010detak jo\u0161 jedne po\u017earne sezone, dr\u017eava radi na ja\u010danju spremnosti ljudstva i opreme, isti\u010du iz Ministarstva unutra\u0161njih poslova. Nagla\u0161avaju da se ljeta 2026. godine nadaju raspolo\u017eivosti sva tri aviona i jednog helikoptera. Podr\u0161ku \u0107e pru\u017eiti i Vojska Crne Gore sa svojim kapacitetima i vazduhoplovima.<\/p>\n\n\n\n<p>Kakvo je trenutno stanje na lokalnom nivou, isti\u010de generalni direktor Direktorata za za\u0161titu i spa\u0161avanje MUP-a, Miodrag Be\u0161ovi\u0107:<\/p>\n\n\n\n<p>\u201eNa lokalnom nivou slu\u017ebe za\u0161tite i spa\u0161avanja raspola\u017eu sa 639 operativno osposobljenih ljudi i 151 vozilom. Naravno, tu imamo i dobrovoljna vatrogasna dru\u0161tva, kojih trenutno ima 14, sa oko 320 vatrogasaca dobrovoljaca i 23 vozila&#8220;, rekao je Be\u0161ovi\u0107.<\/p>\n\n\n\n<p>Vlada je u prethodnom periodu donijela odluku da se za ovu sezonu iznajmi jedno ili vi\u0161e vazduhoplovnih sredstava u visini od 3,5 miliona eura, a u tu cijenu ulazi i sva logistika. Vazduhoplov \u0107e biti nosivosti 5 do 10 tona vode.<\/p>\n\n\n\n<p>&#8222;Ono \u0161to je bitno jeste da smo mi u 2025. godini obu\u010dili preko 200 pripadnika slu\u017ebi i sistema za\u0161tite i spa\u0161avanja, a odre\u0111eni dio opreme smo podijelili kako slu\u017ebama za\u0161tite i spa\u0161avanja, tako i dobrovoljnim vatrogasnim dru\u0161tvima. Naravno, ve\u0107 smo i iz bud\u017eeta i kroz projekte obezbijedili veliki broj opreme, li\u010dne i kolektivne, koju \u0107emo tako\u0111e ustupiti, tako da se nadam da \u0107emo ovu godinu do\u010dekati spremni\u201c, rekao je Be\u0161ovi\u0107.<\/p>\n\n\n\n<p>Podsje\u0107amo, ljeto 2025. u na\u0161oj dr\u017eavi obilje\u017eila je izuzetno te\u0161ka po\u017earna sezona, sa najkriti\u010dnijim periodom sredinom avgusta, kada je zbog vatre izgubljen jedan \u017eivot, a u vi\u0161e op\u0161tina izazvana velika materijalna \u0161teta.<\/p>","protected":false},"excerpt":{"rendered":"<p>Po\u017earnu sezonu ove godine dr\u017eava do\u010dekuje sa dodatnih 200 obu\u010denih pripadnika slu\u017ebi za\u0161tite i spa\u0161avanja, neophodnom opremom, ali i novim sredstvima za ga\u0161enje po\u017eara iz vazduha, saop\u0161teno je RCG iz Ministarstva unutra\u0161njih poslova. Vlada je donijela odluku o izdvajanju 3,5 miliona eura za zakup dodatnog aviona.<\/p>","protected":false},"author":5,"featured_media":436081,"comment_status":"open","ping_status":"open","sticky":false,"template":"","format":"standard","meta":{"_acf_changed":false,"footnotes":"","jetpack_publicize_message":"","jetpack_publicize_feature_enabled":true,"jetpack_social_post_already_shared":true,"jetpack_social_options":{"image_generator_settings":{"template":"highway","default_image_id":0,"font":"","enabled":false},"version":2}},"categories":[9],"tags":[31397,7944],"naslovna":[910],"class_list":["post-961795","post","type-post","status-publish","format-standard","has-post-thumbnail","hentry","category-drustvo","tag-drzava-spremna","tag-pozarna-sezona","naslovna-preporuceno"],"acf":[],"jetpack_publicize_connections":[],"_links":{"self":[{"href":"https:\/\/gradski.me\/en\/wp-json\/wp\/v2\/posts\/961795","targetHints":{"allow":["GET"]}}],"collection":[{"href":"https:\/\/gradski.me\/en\/wp-json\/wp\/v2\/posts"}],"about":[{"href":"https:\/\/gradski.me\/en\/wp-json\/wp\/v2\/types\/post"}],"author":[{"embeddable":true,"href":"https:\/\/gradski.me\/en\/wp-json\/wp\/v2\/users\/5"}],"replies":[{"embeddable":true,"href":"https:\/\/gradski.me\/en\/wp-json\/wp\/v2\/comments?post=961795"}],"version-history":[{"count":2,"href":"https:\/\/gradski.me\/en\/wp-json\/wp\/v2\/posts\/961795\/revisions"}],"predecessor-version":[{"id":961797,"href":"https:\/\/gradski.me\/en\/wp-json\/wp\/v2\/posts\/961795\/revisions\/961797"}],"wp:featuredmedia":[{"embeddable":true,"href":"https:\/\/gradski.me\/en\/wp-json\/wp\/v2\/media\/436081"}],"wp:attachment":[{"href":"https:\/\/gradski.me\/en\/wp-json\/wp\/v2\/media?parent=961795"}],"wp:term":[{"taxonomy":"category","embeddable":true,"href":"https:\/\/gradski.me\/en\/wp-json\/wp\/v2\/categories?post=961795"},{"taxonomy":"post_tag","embeddable":true,"href":"https:\/\/gradski.me\/en\/wp-json\/wp\/v2\/tags?post=961795"},{"taxonomy":"naslovna","embeddable":true,"href":"https:\/\/gradski.me\/en\/wp-json\/wp\/v2\/naslovna?post=961795"}],"curies":[{"name":"wp","href":"https:\/\/api.w.org\/{rel}","templated":true}]}}