{"id":960286,"date":"2026-04-22T15:58:00","date_gmt":"2026-04-22T13:58:00","guid":{"rendered":"https:\/\/gradski.me\/?p=960286"},"modified":"2026-04-22T15:25:39","modified_gmt":"2026-04-22T13:25:39","slug":"predstavnici-nvo-o-inkluziji-roma-i-egipcana-sa-rabom-hodzic","status":"publish","type":"post","link":"https:\/\/gradski.me\/en\/drustvo\/predstavnici-nvo-o-inkluziji-roma-i-egipcana-sa-rabom-hodzic\/","title":{"rendered":"Predstavnici NVO o inkluziji Roma i Egip\u0107ana sa Rabom Hod\u017ei\u0107"},"content":{"rendered":"<p><\/p>\n\n\n\n<p><\/p>\n\n\n\n<p><\/p>\n\n\n\n<p>Kako je saop\u0161teno iz Udru\u017eenja za podr\u0161ku Roma i Egip\u0107ana, ovaj sastanak organizovan je u cilju unapre\u0111enja obrazovne inkluzije pripadnika romske i egip\u0107anske zajednice.<\/p>\n\n\n\n<p>\u201cNa sastanku su razmatrane klju\u010dne teme u skladu sa va\u017ee\u0107im inkluzivnim politikama Zavoda za \u0161kolstvo, sa posebnim akcentom na unapre\u0111enju dosada\u0161nje saradnje, pokretanju novih inicijativa u oblasti opismenjavanja, socijalne inkluzije, vr\u0161nja\u010dke edukacije, pozitivnih primjera iz Berana u pogledu obrazovanja djece romsko \u2013 egip\u0107anske populacije, upis djece prvaka romsko \u2013 egip\u0107anske populacije u Beranama, dosljednu primjenu interkulturalnog i inkluzivnog pristupa u obrazovanju, programu mentorstva koji se sprovodi posredstvom Mladih Roma, drugim inovacijama pri obrazovanju djece romsko \u2013 egip\u0107anske populacije\u201d, navodi se u saop\u0161tenju.<\/p>\n\n\n\n<p>Udru\u017eenje za podr\u0161ku Roma i Egip\u0107ana kao i NVO Mladi Romi su se zahvalili Hod\u017ei\u0107 na svim doprinosima u pogledu socijalne inkluzije Roma i Egip\u0107ana i uputili javnu zahvalnicu za rezultate u ovoj oblasti.<\/p>","protected":false},"excerpt":{"rendered":"<p>Predstavnike NVO Udru\u017eenja za podr\u0161ku Roma i Egip\u0107ana\u00a0Sultana Be\u0107u\u00a0i\u00a0Nikolu Rai\u010devi\u0107a\u00a0kao i\u00a0Samira Jahu\u00a0iz NVO Mladi Romi primila je direktorica Zavoda za \u0161kolstvo Crne Gore\u00a0Raba\u00a0Hodzi\u0107.<\/p>","protected":false},"author":7,"featured_media":960288,"comment_status":"open","ping_status":"open","sticky":false,"template":"","format":"standard","meta":{"_acf_changed":false,"footnotes":"","jetpack_publicize_message":"","jetpack_publicize_feature_enabled":true,"jetpack_social_post_already_shared":true,"jetpack_social_options":{"image_generator_settings":{"template":"highway","default_image_id":0,"font":"","enabled":false},"version":2}},"categories":[9],"tags":[31196,1119],"naslovna":[],"class_list":["post-960286","post","type-post","status-publish","format-standard","has-post-thumbnail","hentry","category-drustvo","tag-hodzic","tag-romi"],"acf":[],"jetpack_publicize_connections":[],"_links":{"self":[{"href":"https:\/\/gradski.me\/en\/wp-json\/wp\/v2\/posts\/960286","targetHints":{"allow":["GET"]}}],"collection":[{"href":"https:\/\/gradski.me\/en\/wp-json\/wp\/v2\/posts"}],"about":[{"href":"https:\/\/gradski.me\/en\/wp-json\/wp\/v2\/types\/post"}],"author":[{"embeddable":true,"href":"https:\/\/gradski.me\/en\/wp-json\/wp\/v2\/users\/7"}],"replies":[{"embeddable":true,"href":"https:\/\/gradski.me\/en\/wp-json\/wp\/v2\/comments?post=960286"}],"version-history":[{"count":1,"href":"https:\/\/gradski.me\/en\/wp-json\/wp\/v2\/posts\/960286\/revisions"}],"predecessor-version":[{"id":960289,"href":"https:\/\/gradski.me\/en\/wp-json\/wp\/v2\/posts\/960286\/revisions\/960289"}],"wp:featuredmedia":[{"embeddable":true,"href":"https:\/\/gradski.me\/en\/wp-json\/wp\/v2\/media\/960288"}],"wp:attachment":[{"href":"https:\/\/gradski.me\/en\/wp-json\/wp\/v2\/media?parent=960286"}],"wp:term":[{"taxonomy":"category","embeddable":true,"href":"https:\/\/gradski.me\/en\/wp-json\/wp\/v2\/categories?post=960286"},{"taxonomy":"post_tag","embeddable":true,"href":"https:\/\/gradski.me\/en\/wp-json\/wp\/v2\/tags?post=960286"},{"taxonomy":"naslovna","embeddable":true,"href":"https:\/\/gradski.me\/en\/wp-json\/wp\/v2\/naslovna?post=960286"}],"curies":[{"name":"wp","href":"https:\/\/api.w.org\/{rel}","templated":true}]}}