{"id":960216,"date":"2026-04-22T13:25:00","date_gmt":"2026-04-22T11:25:00","guid":{"rendered":"https:\/\/gradski.me\/?p=960216"},"modified":"2026-04-22T12:09:53","modified_gmt":"2026-04-22T10:09:53","slug":"govor-mrznje-i-dalje-prisutan-u-zabrinjavajucoj-mjeri","status":"publish","type":"post","link":"https:\/\/gradski.me\/en\/drustvo\/govor-mrznje-i-dalje-prisutan-u-zabrinjavajucoj-mjeri\/","title":{"rendered":"Hate speech still present to a worrying extent"},"content":{"rendered":"<p><\/p>\n\n\n\n<p>To je, izme\u0111u ostalog, saop\u0161teno na konferenciji <em>Sloboda izra\u017eavanja i njena zloupotreba u politi\u010dkom i javnom diskursu <\/em>i ocijenjeno da digitalno okru\u017eenje dodatno poja\u010dava \u0161irenje netolerancije, dok izostanak institucionalne reakcije \u0161alje poruku da su takvi obrasci pona\u0161anja dru\u0161tveno prihvatljivi. Istaknuto je i da posljedice posebno osje\u0107aju mladi, koji odrastaju u ambijentu normalizovanog govora mr\u017enje i podjela.<\/p>\n\n\n\n<p>Za\u0161titnik ljudskih prava i sloboda Crne Gore Sini\u0161a <strong>Bjekovi\u0107<\/strong> kazao je da je softver podr\u017ean od UNDP-ja za pra\u0107anje govora mr\u017enje u digitalnom prostoru pokazao da je u periodu jul-decembar 2025. godine zabilje\u017eeno oko dva miliona primjera izra\u017eavanja koji li\u010de na govor mr\u017enje.<\/p>\n\n\n\n<p>Kako je rekao,&nbsp; vi\u0161e nije pitanje da li Ombudsman ho\u0107e da reaguje, jer ne postoje institucija ni ma\u0161ina koje bi reagovale na svaki konkretan doga\u0111aj. Prema rije\u010dima ombudsmana, koliko god se \u010dini da smo rije\u0161ili neka krucijalna pitanja u Crnoj Gori, stvarnost nas demantuje i ima osje\u0107aj &#8211; da smo na po\u010detku.<\/p>\n\n\n\n<p>\u201eNa po\u010detku smo, izme\u0111u ostalog i zbog odgovora koji sam dobio iz Skup\u0161tine Crne Gore, koji je proslije\u0111en iz Odbora za ljudska prava koji prati primjenu Eti\u010dkog kodeksa. Saop\u0161teno je da posljednjih \u010detiri godine nije bio nijedan slu\u010daj pred ovim tijelom, kada je u pitanju govor mr\u017enje ili drugi nedozvoljen oblik izra\u017eavanja, po Kodeksu\u201c, rekao je Bjekovi\u0107.<\/p>\n\n\n\n<p>\u0160ef Kancelarije UNICEF-a u Crnoj Gori, Mikele <strong>Servadei<\/strong> upozorio je da su djeca i mladi u zna\u010dajnoj mjeri izlo\u017eeni svim vidovima netolerancije i govora mr\u017enje u javnom prostoru. Smatra da njihovo u\u010de\u0161\u0107e i uticaj u dru\u0161tvenoj koheziji ne treba da budu dekorativni, ve\u0107 fundamentalni.<\/p>\n\n\n\n<p>Podsjetio je da je vi\u0161e hiljada djece u Crnoj Gori obuhva\u0107eno edukacijama i kampanjama kroz projekte UN sistema i da su te aktivnosti posebno zna\u010dajne kada se kontinuirano sprovode na lokanom nivou. Servadei je ocijenio da je u ovoj oblasti dosta u\u010dinjeno, ali da je krajnji cilj jo\u0161 daleko.<\/p>\n\n\n\n<p>\u201eUkoliko ho\u0107emo ozbiljne rezultate u vezi sa dru\u0161tvenom kohezijom, onda moramo biti ozbiljni i u vezi sa u\u010de\u0161\u0107em djece i mladih u ovim procesima. Oni nijesu samo grupa koju treba \u0161tititi, ve\u0107 i resurs koji pravi promjenu, odnosno oni su dio rje\u0161enja\u201c, poru\u010dio je \u0161ef Kancelarije UNICEF-a.<\/p>\n\n\n\n<p>Prema njegovim rije\u010dima, kakav javni diskurs danas normalizujemo, u takvom dru\u0161tvu \u0107e djeca \u017eivjeti sjutra.<\/p>\n\n\n\n<p>Ministarka kulture i medija <strong>Tamara<\/strong> <strong>Vujovic <\/strong>ocijenila je da je stanje u oblasti govora mr\u017enje gore nego prije nekoliko godine, te da on do\u017eivljava poplavu i ekspanziju i pored napora koji se ula\u017eu na unaprje\u0111enju stanja.<\/p>\n\n\n\n<p>Podsjetila je da javne li\u010dnosit imaju ve\u0107i uticaj na javni diskurs, zbog \u010dega treba da imaju i ve\u0107u odgovornost.<\/p>\n\n\n\n<p>\u201eUkoliko se neprimjereno izra\u017eavaju, gra\u0111anima se \u0161alje poruka o prihvatljivosti takve komunikacije, pa se ona normalizuje\u201c, kazala je ministarka Vujovi\u0107. Smatra i da nije dobar podatak da nema nijedne prijave ni postupanja kod nadle\u017enog Odbora kada se ti\u010de povrede Eti\u010dkog kodeksa poslanika \u2013\u201e a svi smo svjedoci da toga apsolutno ima\u201c.<\/p>\n\n\n\n<p>Najavila je u narednim mjesecima osnivanje Nacionalne mre\u017ee za borbu protiv dezinformacija i govora mr\u017enje, multiresorno tijelo, kao strate\u0161ki odgovor dr\u017eave na stanje u ovoj oblasti \u2013 \u0161to je posebno va\u017eno u godini koja prethodi izbornoj godini, kada, kako je kazala, mo\u017eemo o\u010dekivati da podjele, govor mr\u017enje, narativi koji dijele i dezinformacije postanu jo\u0161 izra\u017eeniji. Prema njenim rije\u010dima, Crna Gora ostaje posve\u0107ena cilju da javni prostor ostane otvoren, slobodan i odgovoran, prostor u kom se razli\u010dita mi\u0161ljenja ne u\u0107utkuju, ve\u0107 argumetovano susre\u0107u.<\/p>\n\n\n\n<p>Zlatna savjetnica Za\u0161titnika Anastasija <strong>Brajkovi\u0107 <\/strong>podijelila je iskustva sa kampa, koji je u okviru Projekta poha\u0111ala sa djecom, navode\u0107i da razli\u010ditosti ne treba da dijele, ve\u0107 da oboga\u0107uju.<\/p>\n\n\n\n<p>\u201eSvako ima pravo da bude saslu\u0161an, prihva\u0107en, po\u0161tovan, bez obzira na nacionalnost, vjeru, jezik, materijalni status, druga\u010dije razmi\u0161ljanje i druge karakteristike\u201c, navela je ona.<\/p>\n\n\n\n<p>Anastasija je kazala da kad zajedno gradimo dru\u0161tvo u kojem se svako osje\u0107a prihva\u0107eno i sigurno, postajemo ja\u010di kao zajednica. Smatra da je va\u017eno da se u porodicama, \u0161kolama i uop\u0161te dru\u0161tvu vi\u0161e pri\u010da o toleranciji, empatiji i me\u0111usobnom po\u0161tovanju.<\/p>\n\n\n\n<p>Aktivistkinja civilnog dru\u0161tva i u\u010desnica brojnih edukacija mladih, Milena<strong> Be\u0161i\u0107<\/strong>, smatra da je u Crnoj Gori duboka zapu\u0161tenost kulture kriti\u010dkog mi\u0161ljenja.<\/p>\n\n\n\n<p>\u201eDanas imamo generacije koje nijesu u\u010dene da preispituju, nego da zauzimaju stranu. Da regauju, a ne da razumiju. Medijska pismenost je na niskom nivou, a digitalni prostor preplavljen manipulacijama, poluinformacijama i otvorenom propagandom\u201c, kazala je ona.<\/p>\n\n\n\n<p>Be\u0161i\u0107 je ocijenila da dru\u0161tvena kohezija u Crnoj Gori trenutno nije realnost. \u201eAli nije ni nemogu\u0107a misija.&nbsp; Ona je dosti\u017ean cilj, pod uslovom da prestanemo da je posmatramo kao deklarativnu vrijednost, a po\u010dnemo kao politi\u010dku i dru\u0161tvenu obavezu\u201c.<\/p>\n\n\n\n<p>Na konferecniji je ocijenjeno i da dru\u0161tvena kohezija nije odsustvo razlika, ve\u0107 sposobnost dru\u0161tva da te razlike ne pretvori u podjele.<\/p>\n\n\n\n<p>Predsjednica Odbora za rodnu ravnopravnost i \u010dlanica Kolegijuma \u017denskog kluba Skup\u0161tine Crne Gore, Jelenka <strong>Andri\u0107,<\/strong> saglasna je da je javni prostor preplavljen uvredama. Tako\u0111e je ukazala da u procesu unaprje\u0111enja stanja posebno treba voditi ra\u010duna o za\u0161titi prava djece i mladih, koji su neminovno izlo\u017eeni svemu \u0161to se de\u0161ava u dru\u0161tvu.<\/p>\n\n\n\n<p>Podsjetila da je dr\u0161tvena klima u odre\u0111enoj mjeri naslije\u0111ena iz prethodnog perioda, kao i da javni diskurs nije radikalizovan samo u Crnoj Gori, ve\u0107 i u nekim zemljama EU.<\/p>\n\n\n\n<p>\u201eUkoliko zamislimo svi da uvijek imamo ogledalo ispred sebe, to je dobar orjentir za postupanje i u politici i u \u017eivotu generalno\u201c, kazala je Andri\u0107.<\/p>\n\n\n\n<p>Projekt menad\u017eerka UNDP-ja Tamara <strong>\u010cirgi\u0107 <\/strong>predstavila je rezultate monitoringa govora mr\u017enje u javnom diskursu, statisti\u010dke pokazatelje monitoringa u periodu jul-decembar 2025, a glavna savjetnica Za\u0161titnika Dina <strong>Knezevic<\/strong> govorila je o Izvje\u0161taju o vi\u0161e aspekata govora mr\u017enje u javnom prostoru.<\/p>\n\n\n\n<p>Savjetnica za ljudska prava u Kancelariji rezidentnog koordinatora UN u Crnoj Gori Anjet <strong>Lanting<\/strong> istakla je zna\u010daj rada sa djecom i mladima na ja\u010danju dru\u0161tvene kohezije i izgradnji mira, u skladu sa standardima UN, primarno UNICEF-a. Savjetnica Za\u0161titnika Milana Bojovi\u0107 govorila je o ulozi medija i drugih oblika izra\u017eavanja u kontekstu netolerancije i mr\u017enje, a Milena Krsmasnovi\u0107 Ikovi\u0107 na zavr\u0161noj diskusiji istakla je da politi\u010dka debata u\u017eiva najvi\u0161i stepen za\u0161tite, ali ujedno povla\u010di i dodatnu odgovornost javnih funkcionera da se uzdr\u017ee od retorike koja dijeli dru\u0161tvo.<\/p>\n\n\n\n<p>Konferencija je dio aktivnosti u okviru zajedni\u010dke inicijative \u201eJa\u010danje uloge Za\u0161titnika i civilnog dru\u0161tva u unaprje\u0111enju dru\u0161tvene kohezije u Crnoj Gori\u201c, koju realizuje Za\u0161titnik ljudskih prava i sloboda sa partnerima, uz tehni\u010dku podr\u0161ku UNICEF-a i finansijsku podr\u0161ku Fonda Ujedinjenih nacija za izgradnju mira.<\/p>","protected":false},"excerpt":{"rendered":"<p>Govor mr\u017enje i dalje je u zabrinjavaju\u0107oj mjeri prisutan u Crnoj Gori i negativno uti\u010de na dru\u0161tvenu koheziju, a svaki izostanak institucionalne reakcije normalizuje neprihvatljive narative i dodatno slabi povjerenje u institucije.<\/p>","protected":false},"author":7,"featured_media":960217,"comment_status":"open","ping_status":"open","sticky":false,"template":"","format":"standard","meta":{"_acf_changed":false,"footnotes":"","jetpack_publicize_message":"","jetpack_publicize_feature_enabled":true,"jetpack_social_post_already_shared":true,"jetpack_social_options":{"image_generator_settings":{"template":"highway","default_image_id":0,"font":"","enabled":false},"version":2}},"categories":[9],"tags":[6252,1655],"naslovna":[],"class_list":["post-960216","post","type-post","status-publish","format-standard","has-post-thumbnail","hentry","category-drustvo","tag-govor-mrznje","tag-ombudsman"],"acf":[],"jetpack_publicize_connections":[],"_links":{"self":[{"href":"https:\/\/gradski.me\/en\/wp-json\/wp\/v2\/posts\/960216","targetHints":{"allow":["GET"]}}],"collection":[{"href":"https:\/\/gradski.me\/en\/wp-json\/wp\/v2\/posts"}],"about":[{"href":"https:\/\/gradski.me\/en\/wp-json\/wp\/v2\/types\/post"}],"author":[{"embeddable":true,"href":"https:\/\/gradski.me\/en\/wp-json\/wp\/v2\/users\/7"}],"replies":[{"embeddable":true,"href":"https:\/\/gradski.me\/en\/wp-json\/wp\/v2\/comments?post=960216"}],"version-history":[{"count":2,"href":"https:\/\/gradski.me\/en\/wp-json\/wp\/v2\/posts\/960216\/revisions"}],"predecessor-version":[{"id":960219,"href":"https:\/\/gradski.me\/en\/wp-json\/wp\/v2\/posts\/960216\/revisions\/960219"}],"wp:featuredmedia":[{"embeddable":true,"href":"https:\/\/gradski.me\/en\/wp-json\/wp\/v2\/media\/960217"}],"wp:attachment":[{"href":"https:\/\/gradski.me\/en\/wp-json\/wp\/v2\/media?parent=960216"}],"wp:term":[{"taxonomy":"category","embeddable":true,"href":"https:\/\/gradski.me\/en\/wp-json\/wp\/v2\/categories?post=960216"},{"taxonomy":"post_tag","embeddable":true,"href":"https:\/\/gradski.me\/en\/wp-json\/wp\/v2\/tags?post=960216"},{"taxonomy":"naslovna","embeddable":true,"href":"https:\/\/gradski.me\/en\/wp-json\/wp\/v2\/naslovna?post=960216"}],"curies":[{"name":"wp","href":"https:\/\/api.w.org\/{rel}","templated":true}]}}