{"id":956786,"date":"2026-04-15T10:11:48","date_gmt":"2026-04-15T08:11:48","guid":{"rendered":"https:\/\/gradski.me\/?p=956786"},"modified":"2026-04-15T20:05:32","modified_gmt":"2026-04-15T18:05:32","slug":"vujovic-uskladicemo-sve-medijske-zakone-do-ulaska-u-eu","status":"publish","type":"post","link":"https:\/\/gradski.me\/en\/drustvo\/vujovic-uskladicemo-sve-medijske-zakone-do-ulaska-u-eu\/","title":{"rendered":"Vujovi\u0107: Uskladi\u0107emo sve medijske zakone do ulaska U EU, cilj je da digitalni prostor bude bezbjedan"},"content":{"rendered":"<p><\/p>\n\n\n\n<p>&#8222;Do kraja drugog kvartala se o\u010dekuje da bude usvojen. Tako\u0111e, izra\u0111uje se zakonodavni okvir akta o digitalnim tr\u017ei\u0161tima. Zahvaljujuci nedavnoj reformi medijski zakona, mi smo 70 odsto mjera u media freedom aktu ve\u0107 integrisali u na\u0161e zakone. O\u010dekujemo da \u0107emo se sa Emfom u potpunosti uskladiti do ulaska u EU. 2027. bi mogla biti prilago\u0111avanja. Prikupljamo znanja da bi drugim dr\u017eavama \u0109lanicama mogli da ih damo. &#8230;&#8220;, kazala je ministarka.<\/p>\n\n\n\n<p>Vujovi\u0107 je poru\u010dila da nove direktive uspostavljaju regulatorni okvir zasnovan na jasnim obavezama. <\/p>\n\n\n\n<p>&#8222;Ono kako \u0107emo urediti tehni\u010dka i zakonska pitanja ima direktan uticaj na to kako ce gra\u0111ani dobijati informacije&#8230; Nama je cilj da digitalni prostor ostane bezbjedan, otvoren i da ja\u010da povjerenje korisnika. Sve \u0107e biti iskomunicirano kroz Javne rasprave. Za\u0161tita korisnika i upravljanje rizicima u javnom prostoru&#8220;, navela je Vujovi\u0107.<\/p>\n\n\n\n<p>Jadranka Vojvodi\u0107, predstavnica Agencija za audiovizielne medijske usluge saop\u0161tila je da je radna grupa formirana pro\u0161le godine. <\/p>\n\n\n\n<p>&#8222;Osvrnula bih se na heterogenost. Sagledavamo probleme iz razli\u010ditih uglova. To je dalo pe\u010dat na\u0161em radu. Cilj je da obezbjedimo usagla\u0161avanja sa Emfom, Di es ejem. Shvatili smo da iskustva zemalja \u010dlanica nijesu primjenjiva u Crnoj Gori. Mi smo trebali da sve prenesemo u na\u0161 sistem, da sve institucije prenesemo. Vjerujte bio je veliki izazov pred nama. Trebalo je mijenjati \u010ditav niz sektorskih zakona. Trebalo je uklju\u010diti veliki broj organa. Mi smo analizirali rizike, prednosti, mehanizme..Razgovarali u Briselu na sastancima. Do\u0161li smo do zaklju\u010dka da je najbolje usvajanje implementacionog Zakona. Va\u017eno je prepoznavati institucije, organizacije, razvijati dobre prakse&#8220;, kazala je Vojvodi\u0107.<\/p>\n\n\n\n<p>Profesor Pravnog fakulteta Hrvoje Lisi\u010dar pohvalio je Crnu Goru, po\u0161to se kako navodi, upustila u zahtjevan put. <\/p>\n\n\n\n<p>&#8222;Mislim da ste u dobrom smjeru. Postoji puno nerazumijevanja \u0161to se ti\u010de akta o digitalnim uslugama. Hrvatska je tu u boljoj poziciji. A moje iskustvo je da Vam mogu re\u0107i da iskoristite ovo vrijeme da gradite kapacitete. To se cijelo vrijeme razvija. To je strate\u0161ki dokument. Morate imate kapacitete u obliku ljudi. Ako nemate, dolazite u problem. Radi se o kompleksnim dokumentima, zahtjevaju izgradnju dobrih kapaciteta. Crna Gora je malo u nezahvalnoj situaciji gdje oko dokumenata koje su neprimjenjivi u EU morate direktno pregovarati&#8220;, navodi on.<\/p>","protected":false},"excerpt":{"rendered":"<p>Ministarka Tamara Vujovi\u0107 kazala je na panelu &#8222;Uskla\u0111ivanje Crne Gore sa evropskim okvirom za medije i digitalni prostor&#8220;, da je u zavr\u0161noj fazi  priprema posebnog Zakona o sprovo\u0111enju akta o medijskim uslugama. <\/p>","protected":false},"author":7,"featured_media":956787,"comment_status":"open","ping_status":"open","sticky":false,"template":"","format":"standard","meta":{"_acf_changed":false,"footnotes":"","jetpack_publicize_message":"","jetpack_publicize_feature_enabled":true,"jetpack_social_post_already_shared":true,"jetpack_social_options":{"image_generator_settings":{"template":"highway","default_image_id":0,"font":"","enabled":false},"version":2}},"categories":[9],"tags":[23673,5911],"naslovna":[],"class_list":["post-956786","post","type-post","status-publish","format-standard","has-post-thumbnail","hentry","category-drustvo","tag-tamara","tag-zakoni"],"acf":[],"jetpack_publicize_connections":[],"_links":{"self":[{"href":"https:\/\/gradski.me\/en\/wp-json\/wp\/v2\/posts\/956786","targetHints":{"allow":["GET"]}}],"collection":[{"href":"https:\/\/gradski.me\/en\/wp-json\/wp\/v2\/posts"}],"about":[{"href":"https:\/\/gradski.me\/en\/wp-json\/wp\/v2\/types\/post"}],"author":[{"embeddable":true,"href":"https:\/\/gradski.me\/en\/wp-json\/wp\/v2\/users\/7"}],"replies":[{"embeddable":true,"href":"https:\/\/gradski.me\/en\/wp-json\/wp\/v2\/comments?post=956786"}],"version-history":[{"count":4,"href":"https:\/\/gradski.me\/en\/wp-json\/wp\/v2\/posts\/956786\/revisions"}],"predecessor-version":[{"id":956792,"href":"https:\/\/gradski.me\/en\/wp-json\/wp\/v2\/posts\/956786\/revisions\/956792"}],"wp:featuredmedia":[{"embeddable":true,"href":"https:\/\/gradski.me\/en\/wp-json\/wp\/v2\/media\/956787"}],"wp:attachment":[{"href":"https:\/\/gradski.me\/en\/wp-json\/wp\/v2\/media?parent=956786"}],"wp:term":[{"taxonomy":"category","embeddable":true,"href":"https:\/\/gradski.me\/en\/wp-json\/wp\/v2\/categories?post=956786"},{"taxonomy":"post_tag","embeddable":true,"href":"https:\/\/gradski.me\/en\/wp-json\/wp\/v2\/tags?post=956786"},{"taxonomy":"naslovna","embeddable":true,"href":"https:\/\/gradski.me\/en\/wp-json\/wp\/v2\/naslovna?post=956786"}],"curies":[{"name":"wp","href":"https:\/\/api.w.org\/{rel}","templated":true}]}}