{"id":956405,"date":"2026-04-14T17:19:00","date_gmt":"2026-04-14T15:19:00","guid":{"rendered":"https:\/\/gradski.me\/?p=956405"},"modified":"2026-04-14T17:10:43","modified_gmt":"2026-04-14T15:10:43","slug":"program-namijenjen-mladim-kreativcima-u-okviru-cim-foruma-2026","status":"publish","type":"post","link":"https:\/\/gradski.me\/en\/drustvo\/program-namijenjen-mladim-kreativcima-u-okviru-cim-foruma-2026\/","title":{"rendered":"Program intended for young creatives within the framework of CIM Forum 2026"},"content":{"rendered":"<p><\/p>\n\n\n\n<p><\/p>\n\n\n\n<p>Creative Academy pru\u017ea u\u010desnicima jedinstvenu priliku da rade na stvarnom kreativnom zadatku uz mentorstvo vode\u0107ih me\u0111unarodnih stru\u010dnjaka. Ovogodi\u0161nji zadatak dolazi iz realnog poslovnog konteksta, a polaznici \u0107e razvijati ideje i rje\u0161enja za potrebe CKB-a, koja je ujedno i generalni pokrovitelj ovog programskog segmenta.<\/p>\n\n\n\n<p>Tokom programa, u\u010desnici prolaze kroz cjelokupan kreativni proces \u2013 od razumijevanja konteksta i publike, preko razvoja strategije i ideje, do finalne prezentacije rje\u0161enja.<\/p>\n\n\n\n<p>Akademija je zasnovana na ideji da kreativnost nije samo inspiracija, ve\u0107 strukturiran, odgovoran i strate\u0161ki proces. Poseban fokus stavljen je na ulogu strategije, zna\u010daj uvida (insighta), razvoj ideja i primjenu savremenih alata, uklju\u010duju\u0107i i kori\u0161\u0107enje vje\u0161ta\u010dke inteligencije u kreativnom radu.<\/p>\n\n\n\n<p>Program je uskla\u0111en sa centralnom temom ovogodi\u0161njeg foruma \u2013 \u201eAlhemija stvaranja\u201c, istra\u017euju\u0107i kako se ideje transformi\u0161u u stvarni uticaj, vrijednost i dru\u0161tveni zna\u010daj.<\/p>\n\n\n\n<p>Creative Academy vode Patrick Collister, Lazar D\u017eami\u0107 i Richard Hale \u2013 renomirani stru\u010dnjaci sa bogatim me\u0111unarodnim iskustvom u kreativnim industrijama, strategiji i primjeni novih tehnologija.<\/p>\n\n\n\n<p>\u201eDanas, kada kreativni koncepti nastaju br\u017ee nego ikada, prava vrijednost vi\u0161e nije u samoj ideji, ve\u0107 u njenoj sposobnosti da napravi stvaran uticaj. Upravo iz te perspektive nastala je Creative Academy, program koji mladima daje priliku da rade na konkretnom zadatku iz realnog poslovnog konteksta i pro\u0111u kroz cijeli kreativni proces, od prvog uvida do finalnog rje\u0161enja.<\/p>\n\n\n\n<p>Posebnu vrijednost programu daje rad sa svjetski relevantnim, dokazanim stru\u010dnjacima iz oblasti kreativnih industrija, strategije i primjene novih tehnologija. Njihovo iskustvo i pristup omogu\u0107avaju u\u010desnicima da razumiju kako se ideje razvijaju, testiraju i pretvaraju u rje\u0161enja koja imaju jasnu vrijednost za brend, biznis i za zajednicu.<\/p>\n\n\n\n<p>Za nas u CKB-u, ovo je prirodan nastavak na\u010dina na koji razmi\u0161ljamo o razvoju, ne samo proizvoda i usluga, ve\u0107 i ljudi. Vjerujemo da se dugoro\u010dna vrijednost gradi kroz znanje, razmjenu iskustava i stvaranje prostora u kojem nova generacija mo\u017ee da raste br\u017ee, slobodnije i ambicioznije.<\/p>\n\n\n\n<p>Zato, pozivam sve talentovane i radoznale kreativce da se prijave i postanu dio ovog programa. Ovo je sjajna prilika da svoje ideje pomjerite iz koncepta u stvarnost i vidite koliko daleko mogu da idu.\u201c, izjavio je Nemanja \u0110ura\u0161kovi\u0107, direktor odjeljenja za marketing, komunikacije i CRM u CKB-u.<\/p>\n\n\n\n<p>Program je timskog karaktera, sa ograni\u010denim brojem mjesta, a u\u010desnici se biraju putem otvorenog poziva i partnerskih nominacija, sa ciljem okupljanja najperspektivnijih mladih kreativaca iz Crne Gore i regiona.<\/p>\n\n\n\n<p>Na kraju Akademije, timovi \u0107e svoje radove predstaviti stru\u010dnom \u017eiriju, a pobjedni\u010dki tim bi\u0107e progla\u0161en tokom CIM Awards ceremonije. Pobjednike o\u010dekuje vrijedna nagrada.<\/p>\n\n\n\n<p>Radni jezik programa je engleski. Prijave su otvorene do 10. maja, a pravo prijave imaju svi mladi do 25 godina. CIM Forum i ove godine potvr\u0111uje svoju ulogu platforme posve\u0107ene mladima, njihovim idejama i profesionalnom razvoju, stvaraju\u0107i prostor za novu generaciju kreativnih talenata da u\u010de, povezuju se i napreduju.<\/p>","protected":false},"excerpt":{"rendered":"<p>U okviru CIM Forum 2026 otvorene su prijave za Creative Academy powered by CKB Junior \u2013 dvodnevni intenzivni i selektivni program namijenjen mladim kreativcima, studentima i budu\u0107im profesionalcima iz oblasti komunikacija i kreativnih industrija.<\/p>","protected":false},"author":5,"featured_media":956408,"comment_status":"open","ping_status":"open","sticky":false,"template":"","format":"standard","meta":{"_acf_changed":false,"footnotes":"","jetpack_publicize_message":"","jetpack_publicize_feature_enabled":true,"jetpack_social_post_already_shared":true,"jetpack_social_options":{"image_generator_settings":{"template":"highway","default_image_id":0,"font":"","enabled":false},"version":2}},"categories":[9],"tags":[22896,30623],"naslovna":[],"class_list":["post-956405","post","type-post","status-publish","format-standard","has-post-thumbnail","hentry","category-drustvo","tag-cim-forum","tag-mladi-kreativci"],"acf":[],"jetpack_publicize_connections":[],"_links":{"self":[{"href":"https:\/\/gradski.me\/en\/wp-json\/wp\/v2\/posts\/956405","targetHints":{"allow":["GET"]}}],"collection":[{"href":"https:\/\/gradski.me\/en\/wp-json\/wp\/v2\/posts"}],"about":[{"href":"https:\/\/gradski.me\/en\/wp-json\/wp\/v2\/types\/post"}],"author":[{"embeddable":true,"href":"https:\/\/gradski.me\/en\/wp-json\/wp\/v2\/users\/5"}],"replies":[{"embeddable":true,"href":"https:\/\/gradski.me\/en\/wp-json\/wp\/v2\/comments?post=956405"}],"version-history":[{"count":1,"href":"https:\/\/gradski.me\/en\/wp-json\/wp\/v2\/posts\/956405\/revisions"}],"predecessor-version":[{"id":956406,"href":"https:\/\/gradski.me\/en\/wp-json\/wp\/v2\/posts\/956405\/revisions\/956406"}],"wp:featuredmedia":[{"embeddable":true,"href":"https:\/\/gradski.me\/en\/wp-json\/wp\/v2\/media\/956408"}],"wp:attachment":[{"href":"https:\/\/gradski.me\/en\/wp-json\/wp\/v2\/media?parent=956405"}],"wp:term":[{"taxonomy":"category","embeddable":true,"href":"https:\/\/gradski.me\/en\/wp-json\/wp\/v2\/categories?post=956405"},{"taxonomy":"post_tag","embeddable":true,"href":"https:\/\/gradski.me\/en\/wp-json\/wp\/v2\/tags?post=956405"},{"taxonomy":"naslovna","embeddable":true,"href":"https:\/\/gradski.me\/en\/wp-json\/wp\/v2\/naslovna?post=956405"}],"curies":[{"name":"wp","href":"https:\/\/api.w.org\/{rel}","templated":true}]}}