{"id":955329,"date":"2026-04-11T21:50:07","date_gmt":"2026-04-11T19:50:07","guid":{"rendered":"https:\/\/gradski.me\/?p=955329"},"modified":"2026-04-11T21:50:08","modified_gmt":"2026-04-11T19:50:08","slug":"spasen-njemacki-drzavljanin-izgubljen-u-valdanosu","status":"publish","type":"post","link":"https:\/\/gradski.me\/en\/drustvo\/spasen-njemacki-drzavljanin-izgubljen-u-valdanosu\/","title":{"rendered":"Spa\u0161en njema\u010dki dr\u017eavljanin izgubljen u Valdanosu"},"content":{"rendered":"<p>Dr\u017eavljanin Njema\u010dke M. A. van je \u017eivotne opasnosti i ima ogrebotine koje su nastale poku\u0161avaju\u0107i da prona\u0111e put kroz \u0161umu.<\/p>\n\n\n\n<p><\/p>","protected":false},"excerpt":{"rendered":"<p>Ve\u010deras oko 21 sat pripadnici Slu\u017ebe za\u0161tite i spa\u0161avanja Ulcinj uspje\u0161no su locirali, a potom i evakuisali njema\u010dkog dr\u017eavljanina koji se izgubio u gustoj \u0161umi na lokalitetu Valdanos u Ulcinju.<\/p>","protected":false},"author":13,"featured_media":955330,"comment_status":"open","ping_status":"open","sticky":false,"template":"","format":"standard","meta":{"_acf_changed":false,"footnotes":"","jetpack_publicize_message":"","jetpack_publicize_feature_enabled":true,"jetpack_social_post_already_shared":true,"jetpack_social_options":{"image_generator_settings":{"template":"highway","default_image_id":0,"font":"","enabled":false},"version":2}},"categories":[9],"tags":[30466,370,30467],"naslovna":[],"class_list":["post-955329","post","type-post","status-publish","format-standard","has-post-thumbnail","hentry","category-drustvo","tag-njemacki-drzavljanin","tag-spasavanje","tag-valdanos"],"acf":[],"jetpack_publicize_connections":[],"_links":{"self":[{"href":"https:\/\/gradski.me\/en\/wp-json\/wp\/v2\/posts\/955329","targetHints":{"allow":["GET"]}}],"collection":[{"href":"https:\/\/gradski.me\/en\/wp-json\/wp\/v2\/posts"}],"about":[{"href":"https:\/\/gradski.me\/en\/wp-json\/wp\/v2\/types\/post"}],"author":[{"embeddable":true,"href":"https:\/\/gradski.me\/en\/wp-json\/wp\/v2\/users\/13"}],"replies":[{"embeddable":true,"href":"https:\/\/gradski.me\/en\/wp-json\/wp\/v2\/comments?post=955329"}],"version-history":[{"count":1,"href":"https:\/\/gradski.me\/en\/wp-json\/wp\/v2\/posts\/955329\/revisions"}],"predecessor-version":[{"id":955331,"href":"https:\/\/gradski.me\/en\/wp-json\/wp\/v2\/posts\/955329\/revisions\/955331"}],"wp:featuredmedia":[{"embeddable":true,"href":"https:\/\/gradski.me\/en\/wp-json\/wp\/v2\/media\/955330"}],"wp:attachment":[{"href":"https:\/\/gradski.me\/en\/wp-json\/wp\/v2\/media?parent=955329"}],"wp:term":[{"taxonomy":"category","embeddable":true,"href":"https:\/\/gradski.me\/en\/wp-json\/wp\/v2\/categories?post=955329"},{"taxonomy":"post_tag","embeddable":true,"href":"https:\/\/gradski.me\/en\/wp-json\/wp\/v2\/tags?post=955329"},{"taxonomy":"naslovna","embeddable":true,"href":"https:\/\/gradski.me\/en\/wp-json\/wp\/v2\/naslovna?post=955329"}],"curies":[{"name":"wp","href":"https:\/\/api.w.org\/{rel}","templated":true}]}}