{"id":955051,"date":"2026-04-11T15:50:55","date_gmt":"2026-04-11T13:50:55","guid":{"rendered":"https:\/\/gradski.me\/?p=955051"},"modified":"2026-04-11T15:50:56","modified_gmt":"2026-04-11T13:50:56","slug":"aleksic-neka-nas-ovi-dani-inspirisu-da-jos-posvecenije-radimo-na-izgradnji-pravednije-i-prosperitetnije-crne-gore","status":"publish","type":"post","link":"https:\/\/gradski.me\/en\/drustvo\/aleksic-neka-nas-ovi-dani-inspirisu-da-jos-posvecenije-radimo-na-izgradnji-pravednije-i-prosperitetnije-crne-gore\/","title":{"rendered":"Aleksi\u0107: Neka nas ovi dani inspiri\u0161u da jo\u0161 posve\u0107enije radimo na izgradnji pravednije i prosperitetnije Crne Gore"},"content":{"rendered":"<p>\u201eVaskrs je praznik koji nas iznova podsje\u0107a da su nada, istina i \u017eivot nepobjedivi. U vremenima velikih dru\u0161tvenih i globalnih izazova, ovaj praznik nam slu\u017ei kao moralni putokaz, pozivaju\u0107i nas na smjernost, pra\u0161tanje i me\u0111usobno uva\u017eavanje\u201c, naveo je Aleksi\u0107 u \u010destitki.<\/p>\n\n\n\n<p>Kako je dodao, \u201ekao dru\u0161tvo, pozvani smo da vaskr\u0161nju radost pretvorimo u snagu zajedni\u0161tva\u201c.<\/p>\n\n\n\n<p>\u201eNeka nas ovi dani inspiri\u0161u da jo\u0161 posve\u0107enije radimo na izgradnji pravednije i prosperitetnije Crne Gore, u kojoj \u0107e solidarnost prema bli\u017enjemu biti na\u0161a najve\u0107a vrlina. \u017delim vam da prazni\u010dne dane provedete u miru i dobrom zdravlju, ispunjeni onim najdubljim smislom koji Vaskrs donosi svakom \u010dovjeku i svakom domu\u201c, poru\u010dio je Aleksi\u0107.<\/p>","protected":false},"excerpt":{"rendered":"<p>Povodom nastupaju\u0107eg Vaskrsa, mitropolitu crnogorsko-primorskom Joanikiju, mitropolitu budimljansko-nik\u0161i\u0107kom Metodiju, mitropolitu mile\u0161evskom Atanasiju, mitropolitu zahumsko-hercegova\u010dkom Dimitriju, svim pravoslavnim vjernicima i sve\u0161tenstvu, kao i svim gra\u0111anima koji ovaj praznik slave po julijanskom kalendaru, upu\u0107ujem najiskrenije \u010destitke, saop\u0161tio je potpredsjednik Vlade Budimir Aleksi\u0107. <\/p>","protected":false},"author":13,"featured_media":952588,"comment_status":"open","ping_status":"open","sticky":false,"template":"","format":"standard","meta":{"_acf_changed":false,"footnotes":"","jetpack_publicize_message":"","jetpack_publicize_feature_enabled":true,"jetpack_social_post_already_shared":true,"jetpack_social_options":{"image_generator_settings":{"template":"highway","default_image_id":0,"font":"","enabled":false},"version":2}},"categories":[9],"tags":[5947,786,29558],"naslovna":[],"class_list":["post-955051","post","type-post","status-publish","format-standard","has-post-thumbnail","hentry","category-drustvo","tag-budimir-aleksic","tag-cestitka","tag-vaskrs"],"acf":[],"jetpack_publicize_connections":[],"_links":{"self":[{"href":"https:\/\/gradski.me\/en\/wp-json\/wp\/v2\/posts\/955051","targetHints":{"allow":["GET"]}}],"collection":[{"href":"https:\/\/gradski.me\/en\/wp-json\/wp\/v2\/posts"}],"about":[{"href":"https:\/\/gradski.me\/en\/wp-json\/wp\/v2\/types\/post"}],"author":[{"embeddable":true,"href":"https:\/\/gradski.me\/en\/wp-json\/wp\/v2\/users\/13"}],"replies":[{"embeddable":true,"href":"https:\/\/gradski.me\/en\/wp-json\/wp\/v2\/comments?post=955051"}],"version-history":[{"count":1,"href":"https:\/\/gradski.me\/en\/wp-json\/wp\/v2\/posts\/955051\/revisions"}],"predecessor-version":[{"id":955054,"href":"https:\/\/gradski.me\/en\/wp-json\/wp\/v2\/posts\/955051\/revisions\/955054"}],"wp:featuredmedia":[{"embeddable":true,"href":"https:\/\/gradski.me\/en\/wp-json\/wp\/v2\/media\/952588"}],"wp:attachment":[{"href":"https:\/\/gradski.me\/en\/wp-json\/wp\/v2\/media?parent=955051"}],"wp:term":[{"taxonomy":"category","embeddable":true,"href":"https:\/\/gradski.me\/en\/wp-json\/wp\/v2\/categories?post=955051"},{"taxonomy":"post_tag","embeddable":true,"href":"https:\/\/gradski.me\/en\/wp-json\/wp\/v2\/tags?post=955051"},{"taxonomy":"naslovna","embeddable":true,"href":"https:\/\/gradski.me\/en\/wp-json\/wp\/v2\/naslovna?post=955051"}],"curies":[{"name":"wp","href":"https:\/\/api.w.org\/{rel}","templated":true}]}}