{"id":954144,"date":"2026-04-09T16:52:00","date_gmt":"2026-04-09T14:52:00","guid":{"rendered":"https:\/\/gradski.me\/?p=954144"},"modified":"2026-04-09T15:25:39","modified_gmt":"2026-04-09T13:25:39","slug":"drugo-autorsko-vece-ciklusa-koncerata-mladi-crnogorski-kompozitori","status":"publish","type":"post","link":"https:\/\/gradski.me\/en\/kultura\/drugo-autorsko-vece-ciklusa-koncerata-mladi-crnogorski-kompozitori\/","title":{"rendered":"Second author's evening of the concert cycle \"Young Montenegrin Composers\""},"content":{"rendered":"<p><\/p>\n\n\n\n<p>The repertoire included two cyclical piano works from the early period of this composer's work \u2013 \"De passionibus animae\" (Gro\u00dfe zweistimmige Invention f\u00fcr Klavier in c-Moll, Op. I), in its first performance, and \"MI\u2013RE\u2013LA\", as well as the work from 2024 \"De passionibus animae II\" (Requiem), also performed for the first time. The concert program was performed by Montenegrin pianist Bojan Martinovi\u0107, a full professor at the Music Academy in Cetinje, and an artist recognized for his wide and diverse repertoire that includes classical, contemporary and experimental music.<\/p>\n\n\n\n<p>Composer Aleksandar Perunovi\u0107 said after the concert that the years of youth are probably the most opulent period of creativity, a time in which artistic expression is the most direct and free. Last night, the audience, as he stated, had the opportunity to hear two compositions created during his studies. \"Many of these compositions were left aside, unfinished, but in the past few years I had the opportunity to round them off and present them to the audience, so I am pleased that my 'cubs' have seen the light of day. Judging by the reactions of the visitors who congratulated me after the concert, it seemed that a youthful spirit had awakened in them, and I really hope that the audience took away nice impressions,\" said Perunovi\u0107.<\/p>\n\n\n\n<p>Pianist Bojan Martinovi\u0107 described the concert program as youthful, with a lot of energy, temperament and sound colors. \"A lot of colors, the whole spectrum - it seems to me that Perunovi\u0107 tried to get everything that this instrument can do from the piano, and it can do a lot. We have been collaborating for ten years, and tonight's concert is one of many in a row. When I play my recitals, I really try to affirm Montenegrin music, which is already a common practice with Aleksandar, so we had a nice journey together through the preparation of the material. These are his compositions from his younger days, but he also has works created later, and we are working on presenting them and bringing them closer to the audience,\" he added.<\/p>\n\n\n\n<p>The project \"Young Montenegrin Composers\", within which the concert was held, is being implemented in partnership with CANU, the \"Milo\u0161 Karadagli\u0107\" Foundation and Vitlok doo, and with the support of the Organization for the Protection of Music Authors' Rights of Montenegro (PAM CG). The program is dedicated to marking two decades since the restoration of Montenegro's independence and 55 years since the founding of CANU.<\/p>\n\n\n\n<p>CANU Vice President \u017darko Mirkovi\u0107 pointed out that the second concert of the cycle already hinted at the spectrum of different individualities and authorial qualities of young Montenegrin professional composers, as well as the good reception of their works by the audience.<\/p>\n\n\n\n<p>Vitlok's CEO, Gavrilo Radunovi\u0107, said that this cycle already confirms the justification of such a concept. \"The impression is that the project is gradually gaining strength, bringing together artists, institutions and the public around contemporary Montenegrin creativity. We are glad to be part of this process,\" said Radunovi\u0107.<\/p>\n\n\n\n<p>The Milo\u0161 Karadagli\u0107 Foundation is convinced that Aleksandar Perunovi\u0107's compositions performed by Bojan Martinovi\u0107 left a strong impression on all those present, who had the opportunity to experience the breadth of expression of an author and a performer. \"This project shows that the Montenegrin contemporary music scene has strong potential, and for this reason we are extremely pleased to be able to contribute to its visibility and development,\" the Foundation said.<\/p>\n\n\n\n<p>The next concert within the \"Young Montenegrin Composers\" project is planned for Tuesday, April 28, when an author's evening by Marko Kova\u010d will be held.<\/p>","protected":false},"excerpt":{"rendered":"<p>Last night, the Montenegrin Academy of Sciences and Arts (CANU) hosted an evening of Aleksandar Perunovi\u0107's compositions entitled \"Young Perunovich v.2\" as part of the \"Young Montenegrin Composers\" concert series. <\/p>","protected":false},"author":19,"featured_media":954145,"comment_status":"open","ping_status":"open","sticky":false,"template":"","format":"standard","meta":{"_acf_changed":false,"footnotes":"","jetpack_publicize_message":"","jetpack_publicize_feature_enabled":true,"jetpack_social_post_already_shared":true,"jetpack_social_options":{"image_generator_settings":{"template":"highway","default_image_id":0,"font":"","enabled":false},"version":2}},"categories":[11],"tags":[20469,188],"naslovna":[],"class_list":["post-954144","post","type-post","status-publish","format-standard","has-post-thumbnail","hentry","category-kultura","tag-autorsko-vece","tag-crna-gora"],"acf":[],"jetpack_publicize_connections":[],"_links":{"self":[{"href":"https:\/\/gradski.me\/en\/wp-json\/wp\/v2\/posts\/954144","targetHints":{"allow":["GET"]}}],"collection":[{"href":"https:\/\/gradski.me\/en\/wp-json\/wp\/v2\/posts"}],"about":[{"href":"https:\/\/gradski.me\/en\/wp-json\/wp\/v2\/types\/post"}],"author":[{"embeddable":true,"href":"https:\/\/gradski.me\/en\/wp-json\/wp\/v2\/users\/19"}],"replies":[{"embeddable":true,"href":"https:\/\/gradski.me\/en\/wp-json\/wp\/v2\/comments?post=954144"}],"version-history":[{"count":1,"href":"https:\/\/gradski.me\/en\/wp-json\/wp\/v2\/posts\/954144\/revisions"}],"predecessor-version":[{"id":954146,"href":"https:\/\/gradski.me\/en\/wp-json\/wp\/v2\/posts\/954144\/revisions\/954146"}],"wp:featuredmedia":[{"embeddable":true,"href":"https:\/\/gradski.me\/en\/wp-json\/wp\/v2\/media\/954145"}],"wp:attachment":[{"href":"https:\/\/gradski.me\/en\/wp-json\/wp\/v2\/media?parent=954144"}],"wp:term":[{"taxonomy":"category","embeddable":true,"href":"https:\/\/gradski.me\/en\/wp-json\/wp\/v2\/categories?post=954144"},{"taxonomy":"post_tag","embeddable":true,"href":"https:\/\/gradski.me\/en\/wp-json\/wp\/v2\/tags?post=954144"},{"taxonomy":"naslovna","embeddable":true,"href":"https:\/\/gradski.me\/en\/wp-json\/wp\/v2\/naslovna?post=954144"}],"curies":[{"name":"wp","href":"https:\/\/api.w.org\/{rel}","templated":true}]}}