{"id":952579,"date":"2026-04-06T20:30:00","date_gmt":"2026-04-06T18:30:00","guid":{"rendered":"https:\/\/gradski.me\/?p=952579"},"modified":"2026-04-07T12:43:43","modified_gmt":"2026-04-07T10:43:43","slug":"aleksic-da-se-crkva-ista-pita-odavno-bi-se-vjeronauka-ucila-u-skolama","status":"publish","type":"post","link":"https:\/\/gradski.me\/en\/politika\/aleksic-da-se-crkva-ista-pita-odavno-bi-se-vjeronauka-ucila-u-skolama\/","title":{"rendered":"Aleksi\u0107: If the church were asked anything, religious education would have been taught in schools a long time ago"},"content":{"rendered":"<p><\/p>\n\n\n\n<p>Na pitanje da li je Crna Gora sekularna dr\u017eava, Aleksi\u0107 navodi da crkva ni na jednu Vladu nema uticaja i da se &#8222;crkva i\u0161ta pita, vjerovatno bi davno bila uvedena vjeronauka u \u0161kolama&#8220;. Isti\u010de da antireligiozni faktori u Crnoj Gori name\u0107u la\u017enu dilemu da li treba graditi crkve ili bolnice. <\/p>\n\n\n\n<p>On navodi da su se od 1945. do 2020. godine odre\u0111ene struje borile protiv svakog pogleda na svijet koji podrazumijeva neku duhovnu komponentu.<\/p>\n\n\n\n<p>&#8222;Jo\u0161 1945. godine je uspostavljena vlast i ideologija koja je sprovodila sistematsku ideolo\u0161ku indoktrinaciju preko obrazovnog sistema, medija, kulturnih ustanova, umjetni\u010dkog stvarala\u0161tva, kao i na sve druge na\u010dine. Zbog toga smo danas do\u0161li do toga da se govori treba li podizati crkve ili bolnice. Name\u0107e se la\u017ena dilema &#8211; da je Crna Gora klerikalna, jer nije zabranila djelovanje crkava i vjerskih zajednica. Oni koji to govore su ljudi koji ne mogu da se pomire sa \u010dinjenicom da je komunizam i titoizam propao&#8220;, istakao je Aleksi\u0107.<\/p>\n\n\n\n<p>To su, kako ka\u017ee, ljudi koji dolaze iz biv\u0161eg saveza komunista Jugoslavije, odnosno Crne Gore, koji je 1991. godine samo promijenio naziv u Demokratska partija socijalista i nastavili praksu svoje mati\u010dne partije. Podsje\u0107a da se, kako ka\u017ee, biv\u0161i \u0161ef re\u017eima Milo \u0110ukanovi\u0107, kao funkcioner Saveza komunista Crne Gore, pa onda potpredsjednik DPS-a, te 1991. godine govorio da Crna Gora treba da bude jedino ostrvo komunizma u Evropi.<\/p>\n\n\n\n<p>&#8222;Zalagao se da ostane komunizam, totalitarizam, da se ne uvede vi\u0161epartijski sistem i da nema slobodnih izbora. Iz te partije sada dolaze takve kvalifikacije i da je Crna Gora klerikalna i da je uspostavljena pravoslavna d\u017eamahirija, jer nije uni\u0161tena vjera. Oni danas ne mogu da se pomire sa \u010dinjenicom da je Crna Gora danas vjerovatno najreligioznije dru\u0161tvo u Evropi i da imamo skoro 92 odsto vjernika&#8220;, kazao je Aleksi\u0107.<\/p>\n\n\n\n<p>Smatra da sada imamo normalniji odnos prema crkvama i vjerskim zajednicama, kao i da se i dalje ne izdvaja dovoljno novca za vjerske zajednice. Isti\u010de i da dr\u017eava ne favorizuje nijednu vjersku zajednicu, \u0161to pokazuju i zvani\u010dni podaci o pomo\u0107i koja se opredijelila prethodnih godina.<\/p>\n\n\n\n<p>Aleksi\u0107 je istakao da je dr\u017eava du\u017ena da rije\u0161i pitanje ikone bogorodice Filermose, koja se od 1978. godine nalazi u Narodnom muzeju Crne Gore na Cetinju, i bude vra\u0107ena crkvi i da se sjedini sa druge dvije koje se tamo nalaze &#8211; rukom Jovana Krstitelja i \u010destica \u010casnog krsta.<\/p>\n\n\n\n<p>Navodi da je Crnoj Gori, kao veoma religioznom dru\u0161tvu, potrebno uvo\u0111enje vjeronauke i da bi se time smanjilo vr\u0161nja\u010dko nasilje.<\/p>\n\n\n\n<p>&#8222;Djecu treba edukovati, a najbolja edukacija je u okviru vjeronauke. Tako\u0111e, treba ispo\u0161tovati i ateiste. Obavezan predmet treba da bude vjeronauka ili gra\u0111ansko vaspitanje. Taj predmet trebalo bi da bude obavezan&#8220;, istakao je Aleksi\u0107.<\/p>\n\n\n\n<p><strong>&#8222;Potrebno preispitati la\u017ene diplome&#8220;<\/strong><\/p>\n\n\n\n<p>Aleksi\u0107 je pojasnio da su la\u017ene diplome nadle\u017enost Ministarstva prosvjete i da on nema operativnu funkciju u tom segmentu.<\/p>\n\n\n\n<p>\u201cVi\u0161e puta sam pozivao, smatraju\u0107i neophodnim, da se preispitaju diplome svih zaposlenih u obrazovnom sistemu u periodu od 1998. do 2020. godine. U to vrijeme vladavine DPS-a i njihovih satelita sam Bog zna koliko je u Crnu Goru stiglo \u0161to falsifikovanih, \u0161to kupljenih diploma. Bilo je slu\u010dajeva gdje je za neke direktore dokazano da imaju falisikovane diplome. Imali smo slu\u010daj direktorice \u0161kole u Budvi koja se predstavljala da je diplomirala na dr\u017eavnom Univerzitetu u Novom Sadu, pa se ispostavilo da ona nije upisala nikakav fakultet u Novom Sadu. &nbsp;Zato je potrebno to preispitati\u201d, naveo je Aleksi\u0107.<\/p>\n\n\n\n<p>On je podvukao da je potrebna politi\u010dka volja i da bi se to sve dalo efikasno preispitati, efikasnije nego \u0161to je dosad bio slu\u010daj.<\/p>\n\n\n\n<p>\u201cNe treba posebno dokazivati koliko je to kancerogeno u dru\u0161tvu, da ljudi u va\u017enim ustanovama rade sa falsifikovanim diplomama. Smatram da te provjere treba raditi mnogo intenzivnije i efikasnije. Nadle\u017ena ministarstva treba da budu posve\u0107enija tom problemu. Toliko hiljada la\u017enih diploma u maloj zemlji, u va\u017enim oblastima kao \u0161to su obrazovanje i zdravstvo, je ogroman problem\u201d, ocijenio je Aleksi\u0107.<\/p>\n\n\n\n<p>Prema njegovim rije\u010dima, radi se o naslije\u0111enom problemu. <\/p>\n\n\n\n<p>&#8222;U kakvim je raljama bila na\u0161a prosvjeta i na\u0161a kultura dobro stojimo&#8220;, rekao je Aleksi\u0107. <\/p>\n\n\n\n<p>Smatra da bi direktori \u0161kola trebali da imaju ograni\u010den mandat, da se ne bi de\u0161avalo da neko bude na \u010delu obrazovne ustanove dvadeset godina, ili du\u017ee. \u00a0\u00a0<\/p>\n\n\n\n<p>\u201cVesna Brati\u0107 je uradila ne\u0161to \u0161to je bilo prirodno i neophodno. Najjednostavnijom &nbsp;analizom se mo\u017ee pokazati kako su radili ti direktori. Mo\u017eda je tu bilo stru\u010dnih i kompetenentnih, ali oni su obavljali te funkcije jer su&nbsp;bili partijski vojnici- aktivisti DPS-a i SDP-a. Oni to nijesu krili. Biv\u0161i ministar &nbsp;prosvjete Slobodan Backovi\u0107 je govorio da \u201cmi stvaramo novog Crnogorca\u201d. Novog \u010dovjeka sa novom nacijom, vjerom i identitetom. I dalje nam ud\u017ebenici istorije izgledaju kao da su&nbsp; prepisani iz domoljubne poezije ili politi\u010dke pamfletistike Jevrema Brkovi\u0107a, a ne iz relevantne istoriografske literature. &nbsp;To je te\u0161ko ideolo\u0161ko nasle\u0111e i potrebna je odlu\u010dna aktivnost da se to demontira i da se uspostave evropske vrijednosti. Da u obrazovanju budu najbolji, &nbsp;stru\u010dni i kompetentni, da se zapo\u0161ljavaju ljudi sa najboljim prosjekom. Brati\u0107 se na\u0161la na meti pravosu\u0111a u kome nije sproveden veting\u201d, zaklju\u010dio je Aleksi\u0107. <\/p>","protected":false},"excerpt":{"rendered":"<p>Potpredsjednik Vlade za obrazovanje, nauku i odnose sa vjerskim zajednicama, Budimir Aleksi\u0107 kazao je u emisiji &#8222;Referat&#8220; na RTV Podgorica da crkva nema uticaj na Vladu, a da pojedinci ne mogu da se pomire sa \u010dinjenicom da je Crna Gora danas vjerovatno najreligioznije dru\u0161tvo u Evropi i da imamo skoro 92 odsto vjernika, a da je komunizam propao.<\/p>","protected":false},"author":8,"featured_media":952588,"comment_status":"open","ping_status":"open","sticky":false,"template":"","format":"standard","meta":{"_acf_changed":false,"footnotes":"","jetpack_publicize_message":"","jetpack_publicize_feature_enabled":true,"jetpack_social_post_already_shared":true,"jetpack_social_options":{"image_generator_settings":{"template":"highway","default_image_id":0,"font":"","enabled":false},"version":2}},"categories":[7],"tags":[5947,3548,30037],"naslovna":[],"class_list":["post-952579","post","type-post","status-publish","format-standard","has-post-thumbnail","hentry","category-politika","tag-budimir-aleksic","tag-crkva","tag-vjera"],"acf":[],"jetpack_publicize_connections":[],"_links":{"self":[{"href":"https:\/\/gradski.me\/en\/wp-json\/wp\/v2\/posts\/952579","targetHints":{"allow":["GET"]}}],"collection":[{"href":"https:\/\/gradski.me\/en\/wp-json\/wp\/v2\/posts"}],"about":[{"href":"https:\/\/gradski.me\/en\/wp-json\/wp\/v2\/types\/post"}],"author":[{"embeddable":true,"href":"https:\/\/gradski.me\/en\/wp-json\/wp\/v2\/users\/8"}],"replies":[{"embeddable":true,"href":"https:\/\/gradski.me\/en\/wp-json\/wp\/v2\/comments?post=952579"}],"version-history":[{"count":5,"href":"https:\/\/gradski.me\/en\/wp-json\/wp\/v2\/posts\/952579\/revisions"}],"predecessor-version":[{"id":952699,"href":"https:\/\/gradski.me\/en\/wp-json\/wp\/v2\/posts\/952579\/revisions\/952699"}],"wp:featuredmedia":[{"embeddable":true,"href":"https:\/\/gradski.me\/en\/wp-json\/wp\/v2\/media\/952588"}],"wp:attachment":[{"href":"https:\/\/gradski.me\/en\/wp-json\/wp\/v2\/media?parent=952579"}],"wp:term":[{"taxonomy":"category","embeddable":true,"href":"https:\/\/gradski.me\/en\/wp-json\/wp\/v2\/categories?post=952579"},{"taxonomy":"post_tag","embeddable":true,"href":"https:\/\/gradski.me\/en\/wp-json\/wp\/v2\/tags?post=952579"},{"taxonomy":"naslovna","embeddable":true,"href":"https:\/\/gradski.me\/en\/wp-json\/wp\/v2\/naslovna?post=952579"}],"curies":[{"name":"wp","href":"https:\/\/api.w.org\/{rel}","templated":true}]}}