{"id":952465,"date":"2026-04-06T15:12:00","date_gmt":"2026-04-06T13:12:00","guid":{"rendered":"https:\/\/gradski.me\/?p=952465"},"modified":"2026-04-06T13:19:42","modified_gmt":"2026-04-06T11:19:42","slug":"iran-razmatra-plan-ali-odbija-trampov-ultimatum-prekid-sukoba-vec-danas","status":"publish","type":"post","link":"https:\/\/gradski.me\/en\/svijet\/iran-razmatra-plan-ali-odbija-trampov-ultimatum-prekid-sukoba-vec-danas\/","title":{"rendered":"Iran considers plan, but rejects Trump's ultimatum: End the conflict today?"},"content":{"rendered":"<p><\/p>\n\n\n\n<p>Prema informacijama iz vi\u0161e izvora, predlog za okon\u010danje sukoba izra\u0111en je uz posredovanje Pakistana i tokom no\u0107i razmijenjen izme\u0111u Teherana i Va\u0161ingtona.<\/p>\n\n\n\n<p>Rije\u010d je o dvostepenom modelu koji podrazumijeva hitno primirje, nakon \u010dega bi uslijedio sveobuhvatni sporazum koji bi trajno regulisao odnose i bezbjednosnu situaciju u regionu.<\/p>\n\n\n\n<p>Plan, koji se neformalno naziva \u201eIslamabadski sporazum\u201c, predvi\u0111a i ponovno otvaranje Ormuskog moreuza, jedne od klju\u010dnih svjetskih pomorskih ruta za transport nafte i gasa.<\/p>\n\n\n\n<h2 class=\"wp-block-heading\">\u201eSve mora biti danas\u201c<\/h2>\n\n\n\n<p>Izvori uklju\u010deni u pregovore navode da postoji sna\u017ean pritisak da se klju\u010dni elementi sporazuma usaglase u najkra\u0107em roku.<\/p>\n\n\n\n<p>\u201eSve mora biti dogovoreno danas\u201c, navodi jedan od izvora, isti\u010du\u0107i da bi prvi korak bio formalizovan kao memorandum o razumijevanju, uz posredovanje Pakistana kao glavnog kanala komunikacije izme\u0111u dvije strane.<\/p>\n\n\n\n<p>U diplomatskim krugovima pominje se i mogu\u0107nost 45-dnevnog primirja koje bi predstavljalo prelaznu fazu ka trajnom rje\u0161enju.<\/p>\n\n\n\n<p>U tom periodu, strane bi imale izme\u0111u 15 i 20 dana da finalizuju \u0161iri sporazum, koji bi mogao uklju\u010divati i pitanja nuklearnog programa, sankcija i bezbjednosnih garancija.<\/p>\n\n\n\n<h2 class=\"wp-block-heading\">Iran razmatra plan, ali odbija uslove<\/h2>\n\n\n\n<p>Teheran je potvrdio da je primio prijedloge za primirje i da ih razmatra, ali istovremeno odbija da prihvati rokove i pritiske iz Va\u0161ingtona.<\/p>\n\n\n\n<p>Iranski zvani\u010dnici jasno poru\u010duju da Ormuski moreuz ne\u0107e biti otvoren u zamjenu za privremeni prekid vatre, ve\u0107 isklju\u010divo u okviru trajnog i sveobuhvatnog sporazuma.<\/p>\n\n\n\n<p>Nagla\u0161avaju i da o\u010dekuju garancije da ne\u0107e biti novih napada od strane SAD-a i Izraela, kao i kompenzaciju za \u0161tetu nastalu tokom sukoba.<\/p>\n\n\n\n<h2 class=\"wp-block-heading\">Trampov ultimatum i prijetnje<\/h2>\n\n\n\n<p>Predsjednik SAD Donald Tramp posljednjih dana poja\u010dava pritisak na Iran, postavljaju\u0107i rok za ponovno otvaranje Ormuskog moreuza.<\/p>\n\n\n\n<p>Istovremeno, iz Va\u0161ingtona dolaze upozorenja da bi, u slu\u010daju odbijanja, mogli uslijediti napadi na klju\u010dnu infrastrukturu Irana, uklju\u010duju\u0107i energetske i transportne objekte.<\/p>\n\n\n\n<p>Takva retorika dodatno podi\u017ee tenzije i izaziva o\u0161tre reakcije iz Teherana, gdje zvani\u010dnici upozoravaju da bi napadi na civilne ciljeve mogli predstavljati kr\u0161enje me\u0111unarodnog prava.<\/p>\n\n\n\n<h2 class=\"wp-block-heading\">Ubijen \u0161ef obavje\u0161tajne slu\u017ebe<\/h2>\n\n\n\n<p>Dok se vode pregovori, sukob na terenu ne jenjava.<\/p>\n\n\n\n<p>Iranska Revolucionarna garda potvrdila je da je u napadu ubijen \u0161ef njihove obavje\u0161tajne slu\u017ebe, jedan od najvi\u0161ih bezbjednosnih zvani\u010dnika u zemlji.<\/p>\n\n\n\n<p>Prema dostupnim informacijama, rije\u010d je o visokom komandantu koji je imao klju\u010dnu ulogu u bezbjednosnom aparatu Irana.<\/p>\n\n\n\n<p>Izrael je preuzeo odgovornost za napad, navode\u0107i da je rije\u010d o jednoj od najva\u017enijih meta u dosada\u0161njem toku sukoba.<\/p>\n\n\n\n<h2 class=\"wp-block-heading\">Napadi \u0161irom regiona<\/h2>\n\n\n\n<p>Istovremeno, sukob se \u0161iri i na druge dijelove Bliskog istoka.<\/p>\n\n\n\n<p>U napadima je bilo poginulih i povrije\u0111enih u vi\u0161e zemalja, uklju\u010duju\u0107i Iran, Izrael i Liban, dok su pojedine dr\u017eave regiona prijavile presretanje projektila i dronova.<\/p>\n\n\n\n<p>U Izraelu su pogo\u0111eni stambeni objekti, dok su u Iranu zabilje\u017eeni napadi na civilnu infrastrukturu.<\/p>\n\n\n\n<h2 class=\"wp-block-heading\">Prijetnje s obje strane<\/h2>\n\n\n\n<p>Retorika izme\u0111u Teherana i Va\u0161ingtona dodatno se zao\u0161trava.<\/p>\n\n\n\n<p>Tramp je zaprijetio novim udarima, uklju\u010duju\u0107i napade na elektrane i mostove, dok Iran upozorava da \u0107e odgovoriti \u201emnogo razornijim i \u0161irim napadima\u201c ukoliko se nastave udari na civilne ciljeve.<\/p>\n\n\n\n<p>Upozorenja sa obje strane dodatno poja\u010davaju strah od \u0161ireg regionalnog sukoba, dok istovremeno traju intenzivni diplomatski poku\u0161aji da se postigne makar privremeni prekid vatre.<\/p>","protected":false},"excerpt":{"rendered":"<p>Iran i Sjedinjene Ameri\u010dke Dr\u017eave razmatraju plan za prekid sukoba koji bi mogao stupiti na snagu ve\u0107 danas, ali Teheran istovremeno odbija ultimatum koji je postavio Donald Tramp i upozorava na mogu\u0107e nove napade.<\/p>","protected":false},"author":14,"featured_media":934536,"comment_status":"open","ping_status":"open","sticky":false,"template":"","format":"standard","meta":{"_acf_changed":false,"footnotes":"","jetpack_publicize_message":"","jetpack_publicize_feature_enabled":true,"jetpack_social_post_already_shared":true,"jetpack_social_options":{"image_generator_settings":{"template":"highway","default_image_id":0,"font":"","enabled":false},"version":2}},"categories":[14],"tags":[1524,30019,30018,536,8149],"naslovna":[],"class_list":["post-952465","post","type-post","status-publish","format-standard","has-post-thumbnail","hentry","category-svijet","tag-iran","tag-prekid-sukoba","tag-razmatranje-plana","tag-tramp","tag-ultimatum"],"acf":[],"jetpack_publicize_connections":[],"_links":{"self":[{"href":"https:\/\/gradski.me\/en\/wp-json\/wp\/v2\/posts\/952465","targetHints":{"allow":["GET"]}}],"collection":[{"href":"https:\/\/gradski.me\/en\/wp-json\/wp\/v2\/posts"}],"about":[{"href":"https:\/\/gradski.me\/en\/wp-json\/wp\/v2\/types\/post"}],"author":[{"embeddable":true,"href":"https:\/\/gradski.me\/en\/wp-json\/wp\/v2\/users\/14"}],"replies":[{"embeddable":true,"href":"https:\/\/gradski.me\/en\/wp-json\/wp\/v2\/comments?post=952465"}],"version-history":[{"count":1,"href":"https:\/\/gradski.me\/en\/wp-json\/wp\/v2\/posts\/952465\/revisions"}],"predecessor-version":[{"id":952467,"href":"https:\/\/gradski.me\/en\/wp-json\/wp\/v2\/posts\/952465\/revisions\/952467"}],"wp:featuredmedia":[{"embeddable":true,"href":"https:\/\/gradski.me\/en\/wp-json\/wp\/v2\/media\/934536"}],"wp:attachment":[{"href":"https:\/\/gradski.me\/en\/wp-json\/wp\/v2\/media?parent=952465"}],"wp:term":[{"taxonomy":"category","embeddable":true,"href":"https:\/\/gradski.me\/en\/wp-json\/wp\/v2\/categories?post=952465"},{"taxonomy":"post_tag","embeddable":true,"href":"https:\/\/gradski.me\/en\/wp-json\/wp\/v2\/tags?post=952465"},{"taxonomy":"naslovna","embeddable":true,"href":"https:\/\/gradski.me\/en\/wp-json\/wp\/v2\/naslovna?post=952465"}],"curies":[{"name":"wp","href":"https:\/\/api.w.org\/{rel}","templated":true}]}}