{"id":951527,"date":"2026-04-04T15:12:00","date_gmt":"2026-04-04T13:12:00","guid":{"rendered":"https:\/\/gradski.me\/?p=951527"},"modified":"2026-04-04T14:31:06","modified_gmt":"2026-04-04T12:31:06","slug":"pojacane-policijske-kontrole-u-vozovima-radi-vece-bezbjednosti-putnika","status":"publish","type":"post","link":"https:\/\/gradski.me\/en\/hronika\/pojacane-policijske-kontrole-u-vozovima-radi-vece-bezbjednosti-putnika\/","title":{"rendered":"Poja\u010dane policijske kontrole u vozovima radi ve\u0107e bezbjednosti putnika"},"content":{"rendered":"<p><\/p>\n\n\n\n<p><\/p>\n\n\n\n<p>\u201cPolicijski slu\u017ebenici su, u cilju podizanja nivoa bezbjednosti gra\u0111ana i prevencije vr\u0161enja krivi\u010dnih djela iz oblasti imovinskog kriminala, kao i drugih krivi\u010dnih djela, zapo\u010deli kontrolu putnika i stvari koji se prevoze vozom. Kontrola lica i stvari koje se prevoze u \u017eeljezni\u010dkom saobra\u0107aju \u0107e se sprovoditi i narednih dana\u201d, navodi policija.<\/p>\n\n\n\n<figure class=\"wp-block-image\" id=\"attachment_2589623\"><img decoding=\"async\" src=\"https:\/\/www.cdm.me\/wp-content\/uploads\/2026\/04\/kontrola-vozova2.jpeg\" alt=\"\" class=\"wp-image-2589623\" title=\"\"><figcaption class=\"wp-element-caption\">FOTO: Uprava policije<\/figcaption><\/figure>\n\n\n\n<p>Kako su dodali, kroz pozorni\u010dku djelatnost i preventivne aktivnosti, kako u vozovima koji saobra\u0107aju u lokalnom, tako i me\u0111unarodnom saobra\u0107aju, predmet kontrole \u0107e biti lica ali i robe; posebno prevoz i prenos akciznih i drugih nedozvoljenih roba, stvari i predmeta.<\/p>\n\n\n\n<p>\u201cPrisustvo i aktivnosti policijskih slu\u017ebenika u \u017eeljezni\u010dkom saobra\u0107aju bi\u0107e dio stalnih i planskih aktivnosti u narednom periodu, a sve u cilju podizanja nivoa bezbjednosti putnika, kao i turista koji borave u Crnj Gori ili posje\u0107uju na\u0161u zemlju\u201d, navodi policija.<\/p>","protected":false},"excerpt":{"rendered":"<p>Uprava policija saop\u0161tila je da je zapo\u010dela poja\u010dane kontrole putnika i prtljaga u \u017eeljezni\u010dkom saobra\u0107aju \u0161irom Crne Gore, s ciljem pove\u0107anja bezbjednosti i suzbijanja kriminala.<\/p>","protected":false},"author":5,"featured_media":951529,"comment_status":"open","ping_status":"open","sticky":false,"template":"","format":"standard","meta":{"_acf_changed":false,"footnotes":"","jetpack_publicize_message":"","jetpack_publicize_feature_enabled":true,"jetpack_social_post_already_shared":true,"jetpack_social_options":{"image_generator_settings":{"template":"highway","default_image_id":0,"font":"","enabled":false},"version":2}},"categories":[10],"tags":[21894,174,3346],"naslovna":[],"class_list":["post-951527","post","type-post","status-publish","format-standard","has-post-thumbnail","hentry","category-hronika","tag-pojacane-kontrole","tag-policija","tag-vozovi"],"acf":[],"jetpack_publicize_connections":[],"_links":{"self":[{"href":"https:\/\/gradski.me\/en\/wp-json\/wp\/v2\/posts\/951527","targetHints":{"allow":["GET"]}}],"collection":[{"href":"https:\/\/gradski.me\/en\/wp-json\/wp\/v2\/posts"}],"about":[{"href":"https:\/\/gradski.me\/en\/wp-json\/wp\/v2\/types\/post"}],"author":[{"embeddable":true,"href":"https:\/\/gradski.me\/en\/wp-json\/wp\/v2\/users\/5"}],"replies":[{"embeddable":true,"href":"https:\/\/gradski.me\/en\/wp-json\/wp\/v2\/comments?post=951527"}],"version-history":[{"count":1,"href":"https:\/\/gradski.me\/en\/wp-json\/wp\/v2\/posts\/951527\/revisions"}],"predecessor-version":[{"id":951528,"href":"https:\/\/gradski.me\/en\/wp-json\/wp\/v2\/posts\/951527\/revisions\/951528"}],"wp:featuredmedia":[{"embeddable":true,"href":"https:\/\/gradski.me\/en\/wp-json\/wp\/v2\/media\/951529"}],"wp:attachment":[{"href":"https:\/\/gradski.me\/en\/wp-json\/wp\/v2\/media?parent=951527"}],"wp:term":[{"taxonomy":"category","embeddable":true,"href":"https:\/\/gradski.me\/en\/wp-json\/wp\/v2\/categories?post=951527"},{"taxonomy":"post_tag","embeddable":true,"href":"https:\/\/gradski.me\/en\/wp-json\/wp\/v2\/tags?post=951527"},{"taxonomy":"naslovna","embeddable":true,"href":"https:\/\/gradski.me\/en\/wp-json\/wp\/v2\/naslovna?post=951527"}],"curies":[{"name":"wp","href":"https:\/\/api.w.org\/{rel}","templated":true}]}}