{"id":951298,"date":"2026-04-03T20:31:00","date_gmt":"2026-04-03T18:31:00","guid":{"rendered":"https:\/\/gradski.me\/?p=951298"},"modified":"2026-04-03T18:40:20","modified_gmt":"2026-04-03T16:40:20","slug":"bijelo-polje-izlozba-dekonstrukcija-od-rendgenografije-do-umjetnickog-otiska","status":"publish","type":"post","link":"https:\/\/gradski.me\/en\/kultura\/bijelo-polje-izlozba-dekonstrukcija-od-rendgenografije-do-umjetnickog-otiska\/","title":{"rendered":"Bijelo Polje: Exhibition \"Deconstruction from X-ray to artistic print\""},"content":{"rendered":"<p>Iz Centra za kulturu &#8222;Vojislav Bulatovi\u0107 Strunjo&#8220; navode da umjetnica kroz postupak linogravure, inicijalna slika prolazi proces redukcije i prevo\u0111enja u jezik reza. <\/p>\n\n\n\n<p>&#8222;Fragmentacija forme nije samo formalni postupak, ve\u0107 na\u010din da se istra\u017ee granice izme\u0111u vidljivog i nevidljivog, prisutnog i odsutnog. Svaki rez uspostavlja odnos svjetlosti i sjenke, grade\u0107i ritam pukotina i raslojavanja koji sugeri\u0161e novu, taktilnu dimenziju figure. Na taj na\u010din, rad ne predstavlja tijelo kao zatvorenu cjelinu, ve\u0107 kao dinami\u010dan prostor unutra\u0161njih geografija, gdje se medicinska slika transformi\u0161e u umjetni\u010dki otisak. Dekonstrukcija se ovdje ne zavr\u0161ava razlaganjem forme, ve\u0107 postaje putanja njenog ponovnog \u010ditanja i vizuelne reinterpretacije\u201d, navodi se u pozivu za otvaranje izlo\u017ebe Sa\u0161ke Boji\u0107, &#8222;Dekonstrukcija od rendgenografije do umjetni\u010dkog otiska&#8220;, u srijedu, 8. aprila, u 19 \u010dasova.<\/p>\n\n\n\n<p>Nagla\u0161avaju da se rad zasniva na transformaciji rendgenskog snimka, kola\u017eiranog na transparentnoj podlozi, u slo\u017eeni likovni sistem u kojem se figura dekonstru\u0161e i iznova uspostavlja. <\/p>","protected":false},"excerpt":{"rendered":"<p>Rad, akademske umjetnice Sa\u0161ke Boji\u0107, zasniva se na transformaciji rendgenskog snimka, kola\u017eiranog na transparentnoj podlozi, u slo\u017eeni likovni sistem u kojem se figura dekonstru\u0161e i iznova uspostavlja.<\/p>","protected":false},"author":20,"featured_media":951307,"comment_status":"open","ping_status":"open","sticky":false,"template":"","format":"standard","meta":{"_acf_changed":false,"footnotes":"","jetpack_publicize_message":"","jetpack_publicize_feature_enabled":true,"jetpack_social_post_already_shared":true,"jetpack_social_options":{"image_generator_settings":{"template":"highway","default_image_id":0,"font":"","enabled":false},"version":2}},"categories":[11],"tags":[1347,15479,29842],"naslovna":[],"class_list":["post-951298","post","type-post","status-publish","format-standard","has-post-thumbnail","hentry","category-kultura","tag-bijelo-polje","tag-centar-za-kulturu","tag-saska-bojic"],"acf":[],"jetpack_publicize_connections":[],"_links":{"self":[{"href":"https:\/\/gradski.me\/en\/wp-json\/wp\/v2\/posts\/951298","targetHints":{"allow":["GET"]}}],"collection":[{"href":"https:\/\/gradski.me\/en\/wp-json\/wp\/v2\/posts"}],"about":[{"href":"https:\/\/gradski.me\/en\/wp-json\/wp\/v2\/types\/post"}],"author":[{"embeddable":true,"href":"https:\/\/gradski.me\/en\/wp-json\/wp\/v2\/users\/20"}],"replies":[{"embeddable":true,"href":"https:\/\/gradski.me\/en\/wp-json\/wp\/v2\/comments?post=951298"}],"version-history":[{"count":1,"href":"https:\/\/gradski.me\/en\/wp-json\/wp\/v2\/posts\/951298\/revisions"}],"predecessor-version":[{"id":951312,"href":"https:\/\/gradski.me\/en\/wp-json\/wp\/v2\/posts\/951298\/revisions\/951312"}],"wp:featuredmedia":[{"embeddable":true,"href":"https:\/\/gradski.me\/en\/wp-json\/wp\/v2\/media\/951307"}],"wp:attachment":[{"href":"https:\/\/gradski.me\/en\/wp-json\/wp\/v2\/media?parent=951298"}],"wp:term":[{"taxonomy":"category","embeddable":true,"href":"https:\/\/gradski.me\/en\/wp-json\/wp\/v2\/categories?post=951298"},{"taxonomy":"post_tag","embeddable":true,"href":"https:\/\/gradski.me\/en\/wp-json\/wp\/v2\/tags?post=951298"},{"taxonomy":"naslovna","embeddable":true,"href":"https:\/\/gradski.me\/en\/wp-json\/wp\/v2\/naslovna?post=951298"}],"curies":[{"name":"wp","href":"https:\/\/api.w.org\/{rel}","templated":true}]}}