{"id":951045,"date":"2026-04-03T11:39:26","date_gmt":"2026-04-03T09:39:26","guid":{"rendered":"https:\/\/gradski.me\/?p=951045"},"modified":"2026-04-03T17:04:16","modified_gmt":"2026-04-03T15:04:16","slug":"nedovic-ostra-retorika-u-parlamentu-pokazuje-nervozu-bivse-vlasti","status":"publish","type":"post","link":"https:\/\/gradski.me\/en\/politika\/nedovic-ostra-retorika-u-parlamentu-pokazuje-nervozu-bivse-vlasti\/","title":{"rendered":"Nedovi\u0107: Harsh rhetoric in parliament shows the nervousness of the former government"},"content":{"rendered":"<p><\/p>\n\n\n\n<p><\/p>\n\n\n\n<p><\/p>\n\n\n\n<p>Nedovi\u0107 je rekla da nervoza ne vlada samo u Demokratskoj partiji socijalista.<\/p>\n\n\n\n<p>&#8222;Mogli smo vidjeti o\u0161tru retoriku i od strane ostalog dijela opozicije i zaista ono \u0161to se desava posljednjih mjeseci u Parlamentu Crne Gore je neprihvatljivo i nedopustivo. Poslanici kao nosioci poslani\u010dke funkcije itekako moraju voditi ra\u010duna o svom pona\u0161anju, zato \u0161to stavovi koje mi iznosimo moraju biti satkani od \u010dinjenica i nikako ne smiju pre\u0107i na teren li\u010dnog i uvrjedljivog. Ono \u0161to se desilo na premijerskom satu su jako prizemne uvrede i one ne prili\u010de nijednom poslaniku i poslani\u010dkom klubu&#8220;, naglasila je funkcionerka PES-a.<\/p>\n\n\n\n<p>Ona je kazala da je premijer Spaji\u0107, na uvrede opozicije, odgovorio \u010dinjenicom da je DPS potpisao sporazum sa Jedinstvenom Rusijom.<\/p>\n\n\n\n<p>&#8222;Spaji\u0107 nikoga u parlamentu nije nazvao onim rije\u010dima kojim ne \u017eelim da govorim na Javnom servisu. Re\u0107i da je neko potpisao ugovor, a dobiti za to uvrjedljive rije\u010di je nedopustivo i ovo nije prvi put da se de\u0161ava.&nbsp;Nemojte da zaboravimo nedopustivo pona\u0161anje koje smo imali kada je bio izbor sudija Ustavnog suda i kada je donijeta odluka vezano za sporazum sa UAE, kada je jedan od lidera opozicije po\u010deo vrije\u0111ati sudije US&#8220;, podsje\u0107a Nedovi\u0107.<\/p>\n\n\n\n<p><strong>PES je nova pri\u010da, donosi nove vrijednosti&nbsp;<\/strong><\/p>\n\n\n\n<p>Nedovi\u0107 je kazala da je Pokret Evropa sad neka nova pri\u010da, budu\u0107i da ljudi koji su dio te partije ranije uglavnom nijesu imali polit\u010dki anga\u017eman.<\/p>\n\n\n\n<p>&#8222;Mi poku\u0161avamo da donesemo neku novu vrijednost i napravimo balans izme\u0111u starog i novog, jer \u017eivomo u vremenu vje\u0161ta\u010dke inteligencije, digitalizacije i svega onoga \u0161to nam donosi ovaj vijek&#8220;, isti\u010de Nedovi\u0107.<\/p>\n\n\n\n<p>Upitana da li o\u0161tra retorika izme\u0111u vlasti i opozicije mo\u017ee usporiti proces evropskih integracija, Nedovi\u0107 ka\u017ee da je jako va\u017eno da parlamentarna ve\u0107ina ostane jedinstvena u cilju da Crna Gora postane&nbsp; nova \u010dlanica EU.<\/p>\n\n\n\n<p>&#8222;Ono \u0161to je zaista licemjerno jeste kada \u010dujemo opaske od strane opozicije da smo mi ti koji usporavamo evropski put&#8220;, ka\u017ee Nedovi\u0107.<\/p>\n\n\n\n<p>Ona je podsjetila da je Crna Gora 2007. godine potpisala Sporazum o stabilizaciji i pridru\u017eivanju, a da je taj ugovor stupio na snagu 2010. godine. Za to vrijeme Crna Gora je otvorila i zatvorila samo tri poglavlja.<\/p>\n\n\n\n<p>&nbsp;&#8222;Mi nakon 2023 godine, od formiranja ove parlamentarne ve\u0107ine, na dana\u0161nji dan imamo zatvorenih 14 poglavlja&#8220;, istakla je Nedovi\u0107.<\/p>\n\n\n\n<p><strong>Kos poru\u010dila da ova Vlada pravi rezultate<\/strong><\/p>\n\n\n\n<p>Upitana da li je proces mogao te\u0107i br\u017ee, Nedovi\u0107 odgovara da ne treba zaboraviti da je Marta Kos tokom posjete Crnoj Gori kazala da je integracioni proces i rad na evropskom putu zapo\u010det 2023. godine.<\/p>\n\n\n\n<p>&#8222;Vjerujem da je ta re\u010denica bila, na neki na\u010din, \u0161amar opoziciji, po\u0161to su oni nas stalno optu\u017eivali da mi ko\u010dimo integracioni put i da su oni sve to uradili prije 2023. godine, a gospo\u0111a Kos je poru\u010dila da ova Vlada pravi rezultate&#8220;, ikazala je Nedovi\u0107.<\/p>","protected":false},"excerpt":{"rendered":"<p>Politi\u010dka retorika zaista jeste poo\u0161trena i ona najvi\u0161e govori o nervozi i nemo\u0107i onih koji su deceniju unazad vladali Crnom Gorom i ne govori o fakti\u010dkom stanju u kom se na\u0161a zemlja nalazi, kazala je u emisiji &#8222;Link&#8220; poslanica Pokreta Evropa sad, Jelena Nedovi\u0107.<\/p>","protected":false},"author":5,"featured_media":896927,"comment_status":"open","ping_status":"open","sticky":false,"template":"","format":"standard","meta":{"_acf_changed":false,"footnotes":"","jetpack_publicize_message":"","jetpack_publicize_feature_enabled":true,"jetpack_social_post_already_shared":true,"jetpack_social_options":{"image_generator_settings":{"template":"highway","default_image_id":0,"font":"","enabled":false},"version":2}},"categories":[7],"tags":[24868,2885,8990,504],"naslovna":[],"class_list":["post-951045","post","type-post","status-publish","format-standard","has-post-thumbnail","hentry","category-politika","tag-bivsa-vlast","tag-jelena-nedovic","tag-nervoza","tag-parlament"],"acf":[],"jetpack_publicize_connections":[],"_links":{"self":[{"href":"https:\/\/gradski.me\/en\/wp-json\/wp\/v2\/posts\/951045","targetHints":{"allow":["GET"]}}],"collection":[{"href":"https:\/\/gradski.me\/en\/wp-json\/wp\/v2\/posts"}],"about":[{"href":"https:\/\/gradski.me\/en\/wp-json\/wp\/v2\/types\/post"}],"author":[{"embeddable":true,"href":"https:\/\/gradski.me\/en\/wp-json\/wp\/v2\/users\/5"}],"replies":[{"embeddable":true,"href":"https:\/\/gradski.me\/en\/wp-json\/wp\/v2\/comments?post=951045"}],"version-history":[{"count":1,"href":"https:\/\/gradski.me\/en\/wp-json\/wp\/v2\/posts\/951045\/revisions"}],"predecessor-version":[{"id":951046,"href":"https:\/\/gradski.me\/en\/wp-json\/wp\/v2\/posts\/951045\/revisions\/951046"}],"wp:featuredmedia":[{"embeddable":true,"href":"https:\/\/gradski.me\/en\/wp-json\/wp\/v2\/media\/896927"}],"wp:attachment":[{"href":"https:\/\/gradski.me\/en\/wp-json\/wp\/v2\/media?parent=951045"}],"wp:term":[{"taxonomy":"category","embeddable":true,"href":"https:\/\/gradski.me\/en\/wp-json\/wp\/v2\/categories?post=951045"},{"taxonomy":"post_tag","embeddable":true,"href":"https:\/\/gradski.me\/en\/wp-json\/wp\/v2\/tags?post=951045"},{"taxonomy":"naslovna","embeddable":true,"href":"https:\/\/gradski.me\/en\/wp-json\/wp\/v2\/naslovna?post=951045"}],"curies":[{"name":"wp","href":"https:\/\/api.w.org\/{rel}","templated":true}]}}