{"id":951025,"date":"2026-04-03T11:47:00","date_gmt":"2026-04-03T09:47:00","guid":{"rendered":"https:\/\/gradski.me\/?p=951025"},"modified":"2026-04-03T11:27:19","modified_gmt":"2026-04-03T09:27:19","slug":"snp-podgorica-projekat-mjesnog-centra-zabjelo-odgovor-na-potrebe-gradjana","status":"publish","type":"post","link":"https:\/\/gradski.me\/en\/podgorica\/snp-podgorica-projekat-mjesnog-centra-zabjelo-odgovor-na-potrebe-gradjana\/","title":{"rendered":"SNP Podgorica: The Zabjelo Local Center Project is a Response to Citizens' Needs"},"content":{"rendered":"<p><\/p>\n\n\n\n<p><\/p>\n\n\n\n<p><\/p>\n\n\n\n<p><\/p>\n\n\n\n<p>Prema njihovim rije\u010dima, ovakav projekat predstavlja konkretan odgovor na potrebe gra\u0111ana i potvrdu da inicijative koje dolaze iz zajednice mogu i moraju dobiti institucionalni epilog.<\/p>\n\n\n\n<p>\u201cPosebno isti\u010demo zna\u010daj \u010dinjenice da je koncept Mjesnog centra oblikovan na osnovu sugestija i potreba samih stanovnika Zabjela, iskazanih kroz komunikaciju i ankete. Time se \u0161alje jasna poruka da razvoj grada mora biti zasnovan na dijalogu sa gra\u0111anima, a ne na administrativnim procjenama bez dodira sa stvarnim \u017eivotom\u201d, navodi se u saop\u0161tenju SNP-a.<\/p>\n\n\n\n<p>Kako su kazali, planirani sadr\u017eaji, od Doma zdravlja, preko kulturnih i dru\u0161tvenih prostora, do kapaciteta za okupljanje gra\u0111ana, imaju potencijal da Zabjelo u\u010dine funkcionalnijom i povezanijom zajednicom.<\/p>\n\n\n\n<p>Iz SNP-a isti\u010du da je posebno va\u017eno \u0161to projekat integri\u0161e zdravstvene, socijalne i kulturne aspekte, \u010dime se stvara moderan centar koji odgovara savremenim potrebama urbanog \u017eivota.<\/p>\n\n\n\n<p>\u201cSNP \u0107e nastaviti da podr\u017eava sve projekte koji doprinose ravnomjernom razvoju Podgorice i boljem standardu njenih gra\u0111ana, uz o\u010dekivanje da \u0107e realizacija ovog projekta biti efikasna, transparentna i u skladu sa interesima lokalne zajednice\u201d, zaklju\u010dili su.<\/p>","protected":false},"excerpt":{"rendered":"<p>Socijalisti\u010dka narodna partija (SNP) pozdravlja raspisivanje konkursa za idejno rje\u0161enje Mjesnog centra Zabjelo, kao va\u017ean i dugo o\u010dekivan korak ka unapre\u0111enju kvaliteta \u017eivota u jednom od najbrojnijih podgori\u010dkih naselja, poru\u010deno je iz te partije.<\/p>","protected":false},"author":5,"featured_media":950882,"comment_status":"open","ping_status":"open","sticky":false,"template":"","format":"standard","meta":{"_acf_changed":false,"footnotes":"","jetpack_publicize_message":"","jetpack_publicize_feature_enabled":true,"jetpack_social_post_already_shared":true,"jetpack_social_options":{"image_generator_settings":{"template":"highway","default_image_id":0,"font":"","enabled":false},"version":2}},"categories":[6],"tags":[29780,9437],"naslovna":[],"class_list":["post-951025","post","type-post","status-publish","format-standard","has-post-thumbnail","hentry","category-podgorica","tag-mjesni-cenztar-zabjelo","tag-snp-podgorica"],"acf":[],"jetpack_publicize_connections":[],"_links":{"self":[{"href":"https:\/\/gradski.me\/en\/wp-json\/wp\/v2\/posts\/951025","targetHints":{"allow":["GET"]}}],"collection":[{"href":"https:\/\/gradski.me\/en\/wp-json\/wp\/v2\/posts"}],"about":[{"href":"https:\/\/gradski.me\/en\/wp-json\/wp\/v2\/types\/post"}],"author":[{"embeddable":true,"href":"https:\/\/gradski.me\/en\/wp-json\/wp\/v2\/users\/5"}],"replies":[{"embeddable":true,"href":"https:\/\/gradski.me\/en\/wp-json\/wp\/v2\/comments?post=951025"}],"version-history":[{"count":2,"href":"https:\/\/gradski.me\/en\/wp-json\/wp\/v2\/posts\/951025\/revisions"}],"predecessor-version":[{"id":951028,"href":"https:\/\/gradski.me\/en\/wp-json\/wp\/v2\/posts\/951025\/revisions\/951028"}],"wp:featuredmedia":[{"embeddable":true,"href":"https:\/\/gradski.me\/en\/wp-json\/wp\/v2\/media\/950882"}],"wp:attachment":[{"href":"https:\/\/gradski.me\/en\/wp-json\/wp\/v2\/media?parent=951025"}],"wp:term":[{"taxonomy":"category","embeddable":true,"href":"https:\/\/gradski.me\/en\/wp-json\/wp\/v2\/categories?post=951025"},{"taxonomy":"post_tag","embeddable":true,"href":"https:\/\/gradski.me\/en\/wp-json\/wp\/v2\/tags?post=951025"},{"taxonomy":"naslovna","embeddable":true,"href":"https:\/\/gradski.me\/en\/wp-json\/wp\/v2\/naslovna?post=951025"}],"curies":[{"name":"wp","href":"https:\/\/api.w.org\/{rel}","templated":true}]}}