{"id":950591,"date":"2026-04-02T13:32:00","date_gmt":"2026-04-02T11:32:00","guid":{"rendered":"https:\/\/gradski.me\/?p=950591"},"modified":"2026-04-02T19:56:31","modified_gmt":"2026-04-02T17:56:31","slug":"spajic-ugostio-milorada-zizica-pred-veliku-borbu-u-niksicu-vec-je-uradio-puno-za-crnu-goru","status":"publish","type":"post","link":"https:\/\/gradski.me\/en\/sport\/spajic-ugostio-milorada-zizica-pred-veliku-borbu-u-niksicu-vec-je-uradio-puno-za-crnu-goru\/","title":{"rendered":"Spaji\u0107 hosts Milorad \u017di\u017ei\u0107 before the big fight in Nik\u0161i\u0107: He has already done a lot for Montenegro"},"content":{"rendered":"<p><\/p>\n\n\n\n<p>\u017di\u017ei\u0107&nbsp;9. maja u Sportskom centru Nik\u0161i\u0107 boksuje protiv Delali Miled\u017eija za WBO Intercontinental titulu u super-srednjoj kategoriji.<\/p>\n\n\n\n<p>\u201cLjudi koji Crnu Goru predstave svijetu na najljep\u0161i na\u010din uvijek su prava inspiracija. Sa velikim u\u017eitkom sam razgovarao sa Mi\u0107kom \u017di\u017ei\u0107em \u2013 bokserom koji u maju ima \u0161ansu da napravi ogroman profesionalni iskorak. Na Dan Evrope, 9. maja, Nik\u0161i\u0107 \u0107e u\u017eivati u fenomenalnom boksu, a Mi\u0107ko je ve\u0107 uradio puno za Crnu Goru\u201d, napisao je Spaji\u0107 na dru\u0161tvenoj mre\u017ei X.<\/p>\n\n\n\n<p>Kako dodaje, svojom discliplinom, odgovorno\u0161\u010du i posve\u0107eno\u0161\u0107u pru\u017eio je najbolji primjer djeci. Bi\u0107emo uz njega i nadati se pobjedi, a veliku podr\u0161ku pru\u017ei\u0107emo bez obzira na to kako se borba zavr\u0161i.<\/p>\n\n\n\n<p><\/p>","protected":false},"excerpt":{"rendered":"<p>Premijer Crne Gore Milojko Spai\u0107 ugostio je na\u0161eg boksera Milorada-Mi\u0107ka \u017di\u017ei\u0107a i po\u017eelio mu sre\u0107u u borbi koja ga \u010deka u maju.<\/p>","protected":false},"author":13,"featured_media":950593,"comment_status":"open","ping_status":"open","sticky":false,"template":"","format":"standard","meta":{"_acf_changed":false,"footnotes":"","jetpack_publicize_message":"","jetpack_publicize_feature_enabled":true,"jetpack_social_post_already_shared":true,"jetpack_social_options":{"image_generator_settings":{"template":"highway","default_image_id":0,"font":"","enabled":false},"version":2}},"categories":[15],"tags":[794,13186],"naslovna":[],"class_list":["post-950591","post","type-post","status-publish","format-standard","has-post-thumbnail","hentry","category-sport","tag-milojko-spajic","tag-milorad-zizic-2"],"acf":[],"jetpack_publicize_connections":[],"_links":{"self":[{"href":"https:\/\/gradski.me\/en\/wp-json\/wp\/v2\/posts\/950591","targetHints":{"allow":["GET"]}}],"collection":[{"href":"https:\/\/gradski.me\/en\/wp-json\/wp\/v2\/posts"}],"about":[{"href":"https:\/\/gradski.me\/en\/wp-json\/wp\/v2\/types\/post"}],"author":[{"embeddable":true,"href":"https:\/\/gradski.me\/en\/wp-json\/wp\/v2\/users\/13"}],"replies":[{"embeddable":true,"href":"https:\/\/gradski.me\/en\/wp-json\/wp\/v2\/comments?post=950591"}],"version-history":[{"count":1,"href":"https:\/\/gradski.me\/en\/wp-json\/wp\/v2\/posts\/950591\/revisions"}],"predecessor-version":[{"id":950594,"href":"https:\/\/gradski.me\/en\/wp-json\/wp\/v2\/posts\/950591\/revisions\/950594"}],"wp:featuredmedia":[{"embeddable":true,"href":"https:\/\/gradski.me\/en\/wp-json\/wp\/v2\/media\/950593"}],"wp:attachment":[{"href":"https:\/\/gradski.me\/en\/wp-json\/wp\/v2\/media?parent=950591"}],"wp:term":[{"taxonomy":"category","embeddable":true,"href":"https:\/\/gradski.me\/en\/wp-json\/wp\/v2\/categories?post=950591"},{"taxonomy":"post_tag","embeddable":true,"href":"https:\/\/gradski.me\/en\/wp-json\/wp\/v2\/tags?post=950591"},{"taxonomy":"naslovna","embeddable":true,"href":"https:\/\/gradski.me\/en\/wp-json\/wp\/v2\/naslovna?post=950591"}],"curies":[{"name":"wp","href":"https:\/\/api.w.org\/{rel}","templated":true}]}}