{"id":950452,"date":"2026-04-02T09:33:40","date_gmt":"2026-04-02T07:33:40","guid":{"rendered":"https:\/\/gradski.me\/?p=950452"},"modified":"2026-04-02T14:11:08","modified_gmt":"2026-04-02T12:11:08","slug":"apelacioni-sud-drzavnom-tuziocu-jovanovicu-pet-mjeseci-zatvora-za-zloupotrebu-sluzbenog-polozaja","status":"publish","type":"post","link":"https:\/\/gradski.me\/en\/hronika\/apelacioni-sud-drzavnom-tuziocu-jovanovicu-pet-mjeseci-zatvora-za-zloupotrebu-sluzbenog-polozaja\/","title":{"rendered":"Court of Appeal: State Prosecutor Jovanovi\u0107 sentenced to five months in prison for abuse of office"},"content":{"rendered":"<p><\/p>\n\n\n\n<p><\/p>\n\n\n\n<p><\/p>\n\n\n\n<p>Tom presudom optu\u017eeni Sr\u0111a Jovanovi\u0107 ogla\u0161en je krivim zbog izvr\u0161enja krivi\u010dnog djela zloupotreba slu\u017ebenog polo\u017eaja i osu\u0111en na kaznu zatvora u trajanju od pet mjeseci.<\/p>\n\n\n\n<p>Istom presudom optu\u017eeni&nbsp;<strong>Hakan Arikan i Mensur Uka<\/strong>&nbsp;ogla\u0161eni su krivim zbog izvr\u0161enja istog krivi\u010dnog djela putem pomaganja i izre\u010dena im je uslovna osuda kojom im je utvr\u0111ena kazna zatvora u trajanju od po \u0161est mjeseci i istovremeno odre\u0111eno da se ta kazna ne\u0107e izvr\u0161iti ukoliko u roku od dvije godine po pravosna\u017enosti presude ne u\u010dine novo krivi\u010dno djelo.<\/p>\n\n\n\n<p>\u201cApelacioni sud je stava da je Vi\u0161i sud u Podgorici pravilnom ocjenom svih izvedenih dokaza i odbrane optu\u017eenog, pravilno zaklju\u010dio da je optu\u017eeni Sr\u0111a Jovanovi\u0107 kao javni funkcioner \u2013 dr\u017eavni tu\u017eilac u Osnovnom dr\u017eavnom tu\u017eila\u0161tvu u Kotoru, izvr\u0161io krivi\u010dno djelo koje mu je stavljeno na teret, na na\u010din \u0161to je donio odluku o odbacivanju prijave podnijete protiv Pavi\u0107evi\u0107 Du\u0161ka zbog krivi\u010dnog djela te\u0161ka tjelesna povreda u\u010dinjenog na \u0161tetu optu\u017eenog Hakan Arikana, iako je znao da postoji osnovana sumnja da je Pavi\u0107evi\u0107 Du\u0161ko izvr\u0161io predmetno krivi\u010dno djelo, pa je i pored toga, izmijenio prvobitno date izjave optu\u017eenog Hakan Arikana i sa\u010dinio nove u koje slu\u017ebene isprave je unio neistiniti sadr\u017eaj, a prvobitne uni\u0161tio, \u0161to mu je poslu\u017eilo da odbaci prijavu protiv Pavi\u0107evi\u0107 Du\u0161ka\u201d, navodi ovaj sud.<\/p>\n\n\n\n<p>Optu\u017eeni Jovanovi\u0107 Sr\u0111a se u konkretnom slu\u010daju i po ocjeni Apelacionog suda nije rukovodio interesima pravde i pravi\u010dnosti, \u0161to je bio du\u017ean, ve\u0107 je odluku zasnovao na tu\u0111em interesu, djeluju\u0107i u okviru slu\u017ebenih ovla\u0161\u0107enja koja je u konkretnom slu\u010daju zloupotrijebio.<\/p>","protected":false},"excerpt":{"rendered":"<p>Apelacioni sud Crne Gore odbio je kao neosnovane \u017ealbe Specijalnog dr\u017eavnog tu\u017eila\u0161tva i optu\u017eenog\u00a0Sr\u0111e Jovanovi\u0107a\u00a0i potvrdio presudu Vi\u0161eg suda u Podgorici.<\/p>","protected":false},"author":7,"featured_media":932759,"comment_status":"open","ping_status":"open","sticky":false,"template":"","format":"standard","meta":{"_acf_changed":false,"footnotes":"","jetpack_publicize_message":"","jetpack_publicize_feature_enabled":true,"jetpack_social_post_already_shared":true,"jetpack_social_options":{"image_generator_settings":{"template":"highway","default_image_id":0,"font":"","enabled":false},"version":2}},"categories":[10],"tags":[4999,29654],"naslovna":[],"class_list":["post-950452","post","type-post","status-publish","format-standard","has-post-thumbnail","hentry","category-hronika","tag-apelacioni-sud","tag-jovanovc"],"acf":[],"jetpack_publicize_connections":[],"_links":{"self":[{"href":"https:\/\/gradski.me\/en\/wp-json\/wp\/v2\/posts\/950452","targetHints":{"allow":["GET"]}}],"collection":[{"href":"https:\/\/gradski.me\/en\/wp-json\/wp\/v2\/posts"}],"about":[{"href":"https:\/\/gradski.me\/en\/wp-json\/wp\/v2\/types\/post"}],"author":[{"embeddable":true,"href":"https:\/\/gradski.me\/en\/wp-json\/wp\/v2\/users\/7"}],"replies":[{"embeddable":true,"href":"https:\/\/gradski.me\/en\/wp-json\/wp\/v2\/comments?post=950452"}],"version-history":[{"count":1,"href":"https:\/\/gradski.me\/en\/wp-json\/wp\/v2\/posts\/950452\/revisions"}],"predecessor-version":[{"id":950453,"href":"https:\/\/gradski.me\/en\/wp-json\/wp\/v2\/posts\/950452\/revisions\/950453"}],"wp:featuredmedia":[{"embeddable":true,"href":"https:\/\/gradski.me\/en\/wp-json\/wp\/v2\/media\/932759"}],"wp:attachment":[{"href":"https:\/\/gradski.me\/en\/wp-json\/wp\/v2\/media?parent=950452"}],"wp:term":[{"taxonomy":"category","embeddable":true,"href":"https:\/\/gradski.me\/en\/wp-json\/wp\/v2\/categories?post=950452"},{"taxonomy":"post_tag","embeddable":true,"href":"https:\/\/gradski.me\/en\/wp-json\/wp\/v2\/tags?post=950452"},{"taxonomy":"naslovna","embeddable":true,"href":"https:\/\/gradski.me\/en\/wp-json\/wp\/v2\/naslovna?post=950452"}],"curies":[{"name":"wp","href":"https:\/\/api.w.org\/{rel}","templated":true}]}}