{"id":950443,"date":"2026-04-02T09:23:00","date_gmt":"2026-04-02T07:23:00","guid":{"rendered":"https:\/\/gradski.me\/?p=950443"},"modified":"2026-04-02T09:04:21","modified_gmt":"2026-04-02T07:04:21","slug":"gutic-podrska-osobama-sa-autizmom-i-njihovim-porodicama","status":"publish","type":"post","link":"https:\/\/gradski.me\/en\/drustvo\/gutic-podrska-osobama-sa-autizmom-i-njihovim-porodicama\/","title":{"rendered":"Guti\u0107: Support for people with autism and their families"},"content":{"rendered":"<p><\/p>\n\n\n\n<p><\/p>\n\n\n\n<p>Tim povodom, podsjetio je na zna\u010daj kontinuirane podr\u0161ke osobama sa autizmom i njihovim porodicama, uz puno po\u0161tovanje njihovih prava i dostojanstva.<\/p>\n\n\n\n<p>\u201cMinistarstvo socijalnog staranja, brige o porodici i demografije ostaje \u010dvrsto posve\u0107eno unapre\u0111enju usluga, razvoju inkluzivnih politika i ja\u010danju institucionalnog okvira, u cilju izgradnje dru\u0161tva jednakih mogu\u0107nosti. Gradimo zajednicu bez predrasuda \u2013 zajednicu u kojoj ima mjesta za sve\u201d, poru\u010dio je Guti\u0107.<\/p>","protected":false},"excerpt":{"rendered":"<p>Autizam je dio ljudske raznolikosti \u2014 pravo je svakog djeteta da bude po\u0161tovano, uklju\u010deno i podr\u017eano svakog dana, poru\u010dio je ministar socijalnog staranja, brige o porodici i demografije,\u00a0Damir Guti\u0107\u00a0povodom Svjetskog dana autizma.<\/p>","protected":false},"author":7,"featured_media":703998,"comment_status":"open","ping_status":"open","sticky":false,"template":"","format":"standard","meta":{"_acf_changed":false,"footnotes":"","jetpack_publicize_message":"","jetpack_publicize_feature_enabled":true,"jetpack_social_post_already_shared":true,"jetpack_social_options":{"image_generator_settings":{"template":"highway","default_image_id":0,"font":"","enabled":false},"version":2}},"categories":[9],"tags":[4830,7648],"naslovna":[],"class_list":["post-950443","post","type-post","status-publish","format-standard","has-post-thumbnail","hentry","category-drustvo","tag-autizam","tag-gutic"],"acf":[],"jetpack_publicize_connections":[],"_links":{"self":[{"href":"https:\/\/gradski.me\/en\/wp-json\/wp\/v2\/posts\/950443","targetHints":{"allow":["GET"]}}],"collection":[{"href":"https:\/\/gradski.me\/en\/wp-json\/wp\/v2\/posts"}],"about":[{"href":"https:\/\/gradski.me\/en\/wp-json\/wp\/v2\/types\/post"}],"author":[{"embeddable":true,"href":"https:\/\/gradski.me\/en\/wp-json\/wp\/v2\/users\/7"}],"replies":[{"embeddable":true,"href":"https:\/\/gradski.me\/en\/wp-json\/wp\/v2\/comments?post=950443"}],"version-history":[{"count":1,"href":"https:\/\/gradski.me\/en\/wp-json\/wp\/v2\/posts\/950443\/revisions"}],"predecessor-version":[{"id":950444,"href":"https:\/\/gradski.me\/en\/wp-json\/wp\/v2\/posts\/950443\/revisions\/950444"}],"wp:featuredmedia":[{"embeddable":true,"href":"https:\/\/gradski.me\/en\/wp-json\/wp\/v2\/media\/703998"}],"wp:attachment":[{"href":"https:\/\/gradski.me\/en\/wp-json\/wp\/v2\/media?parent=950443"}],"wp:term":[{"taxonomy":"category","embeddable":true,"href":"https:\/\/gradski.me\/en\/wp-json\/wp\/v2\/categories?post=950443"},{"taxonomy":"post_tag","embeddable":true,"href":"https:\/\/gradski.me\/en\/wp-json\/wp\/v2\/tags?post=950443"},{"taxonomy":"naslovna","embeddable":true,"href":"https:\/\/gradski.me\/en\/wp-json\/wp\/v2\/naslovna?post=950443"}],"curies":[{"name":"wp","href":"https:\/\/api.w.org\/{rel}","templated":true}]}}