{"id":950214,"date":"2026-04-01T17:23:19","date_gmt":"2026-04-01T15:23:19","guid":{"rendered":"https:\/\/gradski.me\/?p=950214"},"modified":"2026-04-01T17:23:20","modified_gmt":"2026-04-01T15:23:20","slug":"canovic-predsjednike-opstina-birati-direktno-jovanovic-ako-politicke-odluke-zavise-od-pritiska-demokratija-gubi-znacenje","status":"publish","type":"post","link":"https:\/\/gradski.me\/en\/podgorica\/canovic-predsjednike-opstina-birati-direktno-jovanovic-ako-politicke-odluke-zavise-od-pritiska-demokratija-gubi-znacenje\/","title":{"rendered":"Canovi\u0107: Municipal presidents should be elected directly; Jovanovi\u0107: If political decisions depend on pressure, democracy loses its meaning"},"content":{"rendered":"<p><\/p>\n\n\n\n<p>Canovi\u0107 pointed out that, according to the latest monitoring report of the Congress of Local and Regional Authorities, Montenegro is recognized as one of the most centralized countries in the Western Balkans, which clearly indicates the limitations in the functioning of local democracy. He emphasized that a system that is too centralized cannot fully reflect the will of citizens, and that without strong local governments there is no full democratic accountability.<\/p>\n\n\n\n<p>\"Decentralization is not a technical issue, but a question of democratic maturity. Local governments must have real powers, real resources and real accountability. And accountability begins with the way leaders are elected. If we truly believe in local democracy, citizens must have the right to directly elect mayors,\" Canovi\u0107 said.<\/p>\n\n\n\n<p>He emphasized that elections are not just a procedural issue, but an essential expression of citizens' trust, which at the local level implies equal conditions for all participants, transparent processes, and zero tolerance for pressure and misuse of public resources.<\/p>\n\n\n\n<p>The Mayor of Budva Municipality, Nikola Jovanovi\u0107, participated in the discussion on violence against officials, emphasizing that he speaks from personal experience as a victim of an attack in which he suffered serious injuries. He pointed out that due to the security threats to him and his family, he is currently under police protection.<\/p>\n\n\n\n<p>\"I am not saying this to seek sympathy. I am saying this because I have made a clear decision to stand up to organized crime and I will not give up. Budva belongs to honest and hardworking people. And it is worth defending. That is why protecting elected officials is not a privilege, but a condition for democratic legitimacy. If political decisions depend on pressure instead of the will of the people, democracy loses its meaning,\" said Jovanovi\u0107.<\/p>\n\n\n\n<p>Members of the Montenegrin delegation, including the Secretary General of the Union of Municipalities of Montenegro (ZOCG) Mi\u0161ela Manojlovi\u0107, and the Assistant Secretary General of the ZOCG and Secretary of the Delegation Milica Radoji\u010di\u0107, participated today in the sessions of the working bodies of the Congress, namely the Monitoring Committee and the Management Committee.<\/p>\n\n\n\n<p>As part of today's session of the Congress, a ceremonial ceremony was organized to mark the launch of a new joint programme of the European Union and the Council of Europe for the Western Balkans, called LORAI. The programme is directly linked to the Reform and Growth Agenda for the Western Balkans, which is one of the key instruments for the region's progress towards EU membership, and Montenegro was represented at its launch by the President of the Board of Directors of the Union of Municipalities of Montenegro and the Mayor of the Municipality of \u017dabljak, Rado\u0161 \u017dugi\u0107, and the Secretary General, Mi\u0161ela Manojlovi\u0107.<\/p>","protected":false},"excerpt":{"rendered":"<p>The focus of the second day of the 50th session of the Congress of Local and Regional Authorities of the Council of Europe (CoE) in Strasbourg was on the topics of free elections at the local and regional level, as well as violence against officials. The Mayor of Plav Municipality Nihad Canovi\u0107 said that the mayors of municipalities should be elected directly, while the Mayor of Budva Municipality Nikola Jovanovi\u0107 said that if political decisions depend on pressure, democracy loses its meaning.<\/p>","protected":false},"author":19,"featured_media":950216,"comment_status":"open","ping_status":"open","sticky":false,"template":"","format":"standard","meta":{"_acf_changed":false,"footnotes":"","jetpack_publicize_message":"","jetpack_publicize_feature_enabled":true,"jetpack_social_post_already_shared":true,"jetpack_social_options":{"image_generator_settings":{"template":"highway","default_image_id":0,"font":"","enabled":false},"version":2}},"categories":[6],"tags":[188,7163,684],"naslovna":[],"class_list":["post-950214","post","type-post","status-publish","format-standard","has-post-thumbnail","hentry","category-podgorica","tag-crna-gora","tag-nihad-canovic","tag-nikola-jovanovic"],"acf":[],"jetpack_publicize_connections":[],"_links":{"self":[{"href":"https:\/\/gradski.me\/en\/wp-json\/wp\/v2\/posts\/950214","targetHints":{"allow":["GET"]}}],"collection":[{"href":"https:\/\/gradski.me\/en\/wp-json\/wp\/v2\/posts"}],"about":[{"href":"https:\/\/gradski.me\/en\/wp-json\/wp\/v2\/types\/post"}],"author":[{"embeddable":true,"href":"https:\/\/gradski.me\/en\/wp-json\/wp\/v2\/users\/19"}],"replies":[{"embeddable":true,"href":"https:\/\/gradski.me\/en\/wp-json\/wp\/v2\/comments?post=950214"}],"version-history":[{"count":1,"href":"https:\/\/gradski.me\/en\/wp-json\/wp\/v2\/posts\/950214\/revisions"}],"predecessor-version":[{"id":950217,"href":"https:\/\/gradski.me\/en\/wp-json\/wp\/v2\/posts\/950214\/revisions\/950217"}],"wp:featuredmedia":[{"embeddable":true,"href":"https:\/\/gradski.me\/en\/wp-json\/wp\/v2\/media\/950216"}],"wp:attachment":[{"href":"https:\/\/gradski.me\/en\/wp-json\/wp\/v2\/media?parent=950214"}],"wp:term":[{"taxonomy":"category","embeddable":true,"href":"https:\/\/gradski.me\/en\/wp-json\/wp\/v2\/categories?post=950214"},{"taxonomy":"post_tag","embeddable":true,"href":"https:\/\/gradski.me\/en\/wp-json\/wp\/v2\/tags?post=950214"},{"taxonomy":"naslovna","embeddable":true,"href":"https:\/\/gradski.me\/en\/wp-json\/wp\/v2\/naslovna?post=950214"}],"curies":[{"name":"wp","href":"https:\/\/api.w.org\/{rel}","templated":true}]}}