{"id":949914,"date":"2026-04-01T09:12:00","date_gmt":"2026-04-01T07:12:00","guid":{"rendered":"https:\/\/gradski.me\/?p=949914"},"modified":"2026-04-01T13:46:44","modified_gmt":"2026-04-01T11:46:44","slug":"dom-zdravlja-nocni-rad-pedijatara-nije-nasa-inicijativa-vec-odgovor-na-nedostatak-kadra","status":"publish","type":"post","link":"https:\/\/gradski.me\/en\/drustvo\/dom-zdravlja-nocni-rad-pedijatara-nije-nasa-inicijativa-vec-odgovor-na-nedostatak-kadra\/","title":{"rendered":"Health Center: Night work for pediatricians is not our initiative, but a response to a staff shortage"},"content":{"rendered":"<p><\/p>\n\n\n\n<p>\u201cDom zdravlja Glavnog grada nije inicirao organizovanje no\u0107nog rada pedijatrijske slu\u017ebe, ve\u0107 je shodno tra\u017eenom zahtjevu i inicijativi Instituta za bolesti djece, sa kojim su vo\u0111eni sastanci, odgovorio izazovu s obzirom na potrebu re\u0161avanja problema nedostatka kadra i pove\u0107anog obima posla\u201d, navode iz Doma zdravlja.<\/p>\n\n\n\n<p>Tako\u0111e, dodaju, uzimaju\u0107i u obzir i nedostatak\u00a0 stru\u010dnog kadra (pedijatara) u Hitnoj medicinskoj pomo\u0107i Crne Gore, koji bi u redovnim okolnostima trebalo da pru\u017eaju zdravstvenu za\u0161titu djeci u no\u0107nim satima, Dom zdravlja Glavnog grada, je pristupio rje\u0161enju u najboljem interesu najmla\u0111ih pacijenata.<\/p>\n\n\n\n<p>\u201cDe\u017eurstvo \u0107e se organizovati jednom u 35 ili 40 dana, \u0161to je podno\u0161ljivo za Izabrane doktore za djecu\u201d, obja\u0161njavaju<\/p>\n\n\n\n<p>Nagla\u0161avaju da se inicijativa Doma zdravlja Glavnog grada, odnosila isklju\u010divo na organizaciju mjesta pru\u017eanja usluga, odnosno da pedijatri&nbsp; (izabrani doktori za djecu) Doma zdravlja nakon 21h rade u prostorijama Instituta za bolesti djece.<\/p>","protected":false},"excerpt":{"rendered":"<p>Iz podgori\u010dkog Doma zdravlja saop\u0161teno je da organizacija no\u0107nog rada pedijatara u Institutu za bolesti djece nije njihova inicijativa, ve\u0107 rezultat potrebe sistema da odgovori na manjak stru\u010dnog kadra i pove\u0107an obim posla.<\/p>","protected":false},"author":8,"featured_media":917516,"comment_status":"open","ping_status":"open","sticky":false,"template":"","format":"standard","meta":{"_acf_changed":false,"footnotes":"","jetpack_publicize_message":"","jetpack_publicize_feature_enabled":true,"jetpack_social_post_already_shared":true,"jetpack_social_options":{"image_generator_settings":{"template":"highway","default_image_id":0,"font":"","enabled":false},"version":2}},"categories":[9],"tags":[15936,18164,29573],"naslovna":[],"class_list":["post-949914","post","type-post","status-publish","format-standard","has-post-thumbnail","hentry","category-drustvo","tag-dom-zdravlja-podgorica","tag-institut-za-bolesti-djece","tag-nocni-rad"],"acf":[],"jetpack_publicize_connections":[],"_links":{"self":[{"href":"https:\/\/gradski.me\/en\/wp-json\/wp\/v2\/posts\/949914","targetHints":{"allow":["GET"]}}],"collection":[{"href":"https:\/\/gradski.me\/en\/wp-json\/wp\/v2\/posts"}],"about":[{"href":"https:\/\/gradski.me\/en\/wp-json\/wp\/v2\/types\/post"}],"author":[{"embeddable":true,"href":"https:\/\/gradski.me\/en\/wp-json\/wp\/v2\/users\/8"}],"replies":[{"embeddable":true,"href":"https:\/\/gradski.me\/en\/wp-json\/wp\/v2\/comments?post=949914"}],"version-history":[{"count":1,"href":"https:\/\/gradski.me\/en\/wp-json\/wp\/v2\/posts\/949914\/revisions"}],"predecessor-version":[{"id":949915,"href":"https:\/\/gradski.me\/en\/wp-json\/wp\/v2\/posts\/949914\/revisions\/949915"}],"wp:featuredmedia":[{"embeddable":true,"href":"https:\/\/gradski.me\/en\/wp-json\/wp\/v2\/media\/917516"}],"wp:attachment":[{"href":"https:\/\/gradski.me\/en\/wp-json\/wp\/v2\/media?parent=949914"}],"wp:term":[{"taxonomy":"category","embeddable":true,"href":"https:\/\/gradski.me\/en\/wp-json\/wp\/v2\/categories?post=949914"},{"taxonomy":"post_tag","embeddable":true,"href":"https:\/\/gradski.me\/en\/wp-json\/wp\/v2\/tags?post=949914"},{"taxonomy":"naslovna","embeddable":true,"href":"https:\/\/gradski.me\/en\/wp-json\/wp\/v2\/naslovna?post=949914"}],"curies":[{"name":"wp","href":"https:\/\/api.w.org\/{rel}","templated":true}]}}