{"id":949378,"date":"2026-03-31T14:39:00","date_gmt":"2026-03-31T12:39:00","guid":{"rendered":"https:\/\/gradski.me\/?p=949378"},"modified":"2026-03-31T14:38:05","modified_gmt":"2026-03-31T12:38:05","slug":"otvorena-rekonstruisana-kuhinja-opste-bolnice-u-niksicu-vrijednost-preko-700-000-eura","status":"publish","type":"post","link":"https:\/\/gradski.me\/en\/drustvo\/otvorena-rekonstruisana-kuhinja-opste-bolnice-u-niksicu-vrijednost-preko-700-000-eura\/","title":{"rendered":"Reconstructed kitchen of the General Hospital in Nik\u0161i\u0107 opened, value over 700,000 euros"},"content":{"rendered":"<p><\/p>\n\n\n\n<p><\/p>\n\n\n\n<p>Predsjednik Kova\u010devi\u0107 je istakao da mu je veliko zadovoljstvo \u0161to je zavr\u0161en jo\u0161 jedan va\u017ean projekat.<\/p>\n\n\n\n<p>&#8222;Op\u0161tina Nik\u0161i\u0107 \u0107e uvijek podr\u017eavati ovakve projekte, na dobrobit svih na\u0161ih gra\u0111ana. Tokom rekonstrukcije kuhinje, Op\u0161tina Nik\u0161i\u0107 je ustupila prostorije Sportskog centra kako bi se pripremali obroci za sugra\u0111ane koji su korisnici usluga Bolnice, \u0161to je izuzetan primjer uzajamne saradnje i podr\u0161ke institucija u postizanju ovako zna\u010dajnih rezultata. Tako\u0111e, rekao bih da su ulaganja u zdravstvo u Crnoj Gori, a posebno u Nik\u0161i\u0107u, u posljednje tri godine zna\u010dajno ve\u0107a nego ranije. Kao lokalna samouprava, pridru\u017eujemo se nastojanjima da ta saradnja u narednom periodu bude jo\u0161 kvalitetnija. Jo\u0161 jednom \u010destitam na realizaciji ovog projekta \u2014 on je od velikog zna\u010daja za na\u0161 grad i sve na\u0161e sugra\u0111ane, i treba da nastavimo ovim putem\u201c, poru\u010dio je Kova\u010devi\u0107.<\/p>\n\n\n\n<p><img decoding=\"async\" width=\"100%\" alt=\"\" src=\"https:\/\/rtcg.me\/upload\/\/media\/2026\/2\/31\/14\/41\/470\/2480198\/resize\/2480201\/image00005_675x900\" title=\"\"><em>&nbsp;(Foto: Op\u0161tina Nik\u0161i\u0107)<\/em><\/p>\n\n\n\n<p>Ministar \u0160imun je kazao da \u0107e Ministarstvo i dalje ulagati u zdravstvene ustanove u Crnoj Gori.<\/p>\n\n\n\n<p>&#8222;Posebno bih istakao odli\u010dnu saradnju sa Op\u0161tinom Nik\u0161i\u0107, sa kojom smo realizovali brojne projekte i sa kojom planiramo jo\u0161 novih aktivnosti, kako bi gra\u0111ani Nik\u0161i\u0107a imali najbolju zdravstvenu za\u0161titu. Unapre\u0111enje uslova u zdravstvenim ustanovama bi\u0107e nam prioritet i u narednom periodu\u201c, naveo je ministar.<\/p>\n\n\n\n<p><img decoding=\"async\" width=\"100%\" alt=\"\" src=\"https:\/\/rtcg.me\/upload\/\/media\/2026\/2\/31\/14\/45\/435\/2480204\/resize\/2480207\/image00006_675x900\" title=\"\"><em>&nbsp;(Foto: Op\u0161tina Nik\u0161i\u0107)<\/em><\/p>\n\n\n\n<p>Direktor Op\u0161te bolnice Nik\u0161i\u0107 Zoran Mrki\u0107 zahvalio je predsjedniku Kova\u010devi\u0107u na pomo\u0107i koju je pru\u017eio tokom rekonstrukcije kuhinje i na dosada\u0161njoj saradnji.<\/p>\n\n\n\n<p>&#8222;Godinu dana, koliko je trajala rekonstrukcija kuhinje, zahvaljuju\u0107i izuzetno dobroj saradnji Op\u0161tine Nik\u0161i\u0107 i Sportskog centra, mi smo uspjeli da obezbijedimo kontinuirano snabdijevanje na\u0161ih pacijenata obrocima koji su se spremali u tom centru\u201c, rekao je Mrki\u0107.<\/p>\n\n\n\n<p>Dr\u017eavni sekretar Joki\u0107, direktor Vu\u0161urovi\u0107 i predsjednica Lalatovi\u0107 \u017di\u017ei\u0107 tako\u0111e su izrazili zadovoljstvo \u0161to je jedan ovakav projekat, koji je ura\u0111en po najsavremenijim standardima, zavr\u0161en kako bi uslovi u Bolnici bili na ve\u0107em nivou.<\/p>","protected":false},"excerpt":{"rendered":"<p>Predsjednik Op\u0161tine Nik\u0161i\u0107 Marko Kova\u010devi\u0107, zajedno sa ministrom zdravlja Crne Gore Vojislavom \u0160imunom, dr\u017eavnim sekretarom Ministarstva javnih radova Markom Joki\u0107em, predsjednicom SO Nik\u0161i\u0107 Milicom Lalatovi\u0107 \u017di\u017ei\u0107, direktorom Op\u0161te bolnice Nik\u0161i\u0107 Zoranom Mrki\u0107em, direktorom JU \u201eDom zdravlja\u201c Nik\u0161i\u0107 Radovanom Vu\u0161ovi\u0107em, obi\u0161ao je zavr\u0161ene radove na rekonstruisanoj i adaptiranoj kuhinji, \u010dija je vrijednost preko 700 hiljada eura.<\/p>","protected":false},"author":7,"featured_media":949379,"comment_status":"open","ping_status":"open","sticky":false,"template":"","format":"standard","meta":{"_acf_changed":false,"footnotes":"","jetpack_publicize_message":"","jetpack_publicize_feature_enabled":true,"jetpack_social_post_already_shared":true,"jetpack_social_options":{"image_generator_settings":{"template":"highway","default_image_id":0,"font":"","enabled":false},"version":2}},"categories":[9],"tags":[8828,258],"naslovna":[],"class_list":["post-949378","post","type-post","status-publish","format-standard","has-post-thumbnail","hentry","category-drustvo","tag-bolnica","tag-niksic"],"acf":[],"jetpack_publicize_connections":[],"_links":{"self":[{"href":"https:\/\/gradski.me\/en\/wp-json\/wp\/v2\/posts\/949378","targetHints":{"allow":["GET"]}}],"collection":[{"href":"https:\/\/gradski.me\/en\/wp-json\/wp\/v2\/posts"}],"about":[{"href":"https:\/\/gradski.me\/en\/wp-json\/wp\/v2\/types\/post"}],"author":[{"embeddable":true,"href":"https:\/\/gradski.me\/en\/wp-json\/wp\/v2\/users\/7"}],"replies":[{"embeddable":true,"href":"https:\/\/gradski.me\/en\/wp-json\/wp\/v2\/comments?post=949378"}],"version-history":[{"count":1,"href":"https:\/\/gradski.me\/en\/wp-json\/wp\/v2\/posts\/949378\/revisions"}],"predecessor-version":[{"id":949380,"href":"https:\/\/gradski.me\/en\/wp-json\/wp\/v2\/posts\/949378\/revisions\/949380"}],"wp:featuredmedia":[{"embeddable":true,"href":"https:\/\/gradski.me\/en\/wp-json\/wp\/v2\/media\/949379"}],"wp:attachment":[{"href":"https:\/\/gradski.me\/en\/wp-json\/wp\/v2\/media?parent=949378"}],"wp:term":[{"taxonomy":"category","embeddable":true,"href":"https:\/\/gradski.me\/en\/wp-json\/wp\/v2\/categories?post=949378"},{"taxonomy":"post_tag","embeddable":true,"href":"https:\/\/gradski.me\/en\/wp-json\/wp\/v2\/tags?post=949378"},{"taxonomy":"naslovna","embeddable":true,"href":"https:\/\/gradski.me\/en\/wp-json\/wp\/v2\/naslovna?post=949378"}],"curies":[{"name":"wp","href":"https:\/\/api.w.org\/{rel}","templated":true}]}}