{"id":948807,"date":"2026-03-30T18:22:00","date_gmt":"2026-03-30T16:22:00","guid":{"rendered":"https:\/\/gradski.me\/?p=948807"},"modified":"2026-03-30T16:08:12","modified_gmt":"2026-03-30T14:08:12","slug":"cnp-sceri-moja-veceras-na-velikoj-sceni-uz-engleski-titl","status":"publish","type":"post","link":"https:\/\/gradski.me\/en\/kultura\/cnp-sceri-moja-veceras-na-velikoj-sceni-uz-engleski-titl\/","title":{"rendered":"CNP: \u201cMy Daughter\u201d tonight on the Big Stage with English subtitles"},"content":{"rendered":"<p><\/p>\n\n\n\n<p><\/p>\n\n\n\n<p>The focus of the play \"My Daughter\" is the position of women in the modern world and the relationship towards the female child. In order to encourage both men and women to think, the author placed the issues of the play in a historical framework. The story follows the transformation of Princess Zorka Petrovi\u0107 from a girl playing with a ball to an adult woman married to Petar I Kara\u0111or\u0111evi\u0107. Along the way, we see the society we live in today - a world in which women are still not treated the same way as men.<\/p>\n\n\n\n<p>The roles are played by: Vanja Jovi\u0107evi\u0107, Mirko Vlahovi\u0107, Varja \u0110uki\u0107, Slavko Kalezi\u0107, Du\u0161an Kova\u010devi\u0107, Goran Vujovi\u0107, Jovan Dabovi\u0107, Slobodan Marunovi\u0107, Danilo \u010celebi\u0107, Zoran Vujovi\u0107 and Mi\u0161o Obradovi\u0107.<\/p>\n\n\n\n<p>The set designer is Aleksandar Vukoti\u0107, the costume designer is Leo Kula\u0161, the assistant costume designer is Lina Lekovi\u0107, the composer is Aleksandar Radunovi\u0107 Popaj, the choreographer is Sonja Vuki\u0107evi\u0107, the dramaturgy associate is Bal\u0161a Po\u010dek, and the executive producer is Nela Ota\u0161evi\u0107.<\/p>\n\n\n\n<p>Repertoires of the Montenegrin National Theatre are available on all flights of the national airline Air Montenegro.<\/p>","protected":false},"excerpt":{"rendered":"<p>Jedna od najizvo\u0111enijih predstava Crnogorskog narodnog pozori\u0161ta \u2013 \u201e\u0160\u0107eri moja\u201c &#8211; prema tekstu Maje Todorovi\u0107 u re\u017eiji Ane Vukoti\u0107, koja \u0107e u maju obilje\u017eiti deset godina od premijere, bi\u0107e izvedena ve\u010deras na Velikoj sceni u 20h, uz obezbije\u0111en engleski titl.<\/p>","protected":false},"author":19,"featured_media":948809,"comment_status":"open","ping_status":"open","sticky":false,"template":"","format":"standard","meta":{"_acf_changed":false,"footnotes":"","jetpack_publicize_message":"","jetpack_publicize_feature_enabled":true,"jetpack_social_post_already_shared":true,"jetpack_social_options":{"image_generator_settings":{"template":"highway","default_image_id":0,"font":"","enabled":false},"version":2}},"categories":[11],"tags":[1036,13015],"naslovna":[],"class_list":["post-948807","post","type-post","status-publish","format-standard","has-post-thumbnail","hentry","category-kultura","tag-cnp","tag-sceri-moja"],"acf":[],"jetpack_publicize_connections":[],"_links":{"self":[{"href":"https:\/\/gradski.me\/en\/wp-json\/wp\/v2\/posts\/948807","targetHints":{"allow":["GET"]}}],"collection":[{"href":"https:\/\/gradski.me\/en\/wp-json\/wp\/v2\/posts"}],"about":[{"href":"https:\/\/gradski.me\/en\/wp-json\/wp\/v2\/types\/post"}],"author":[{"embeddable":true,"href":"https:\/\/gradski.me\/en\/wp-json\/wp\/v2\/users\/19"}],"replies":[{"embeddable":true,"href":"https:\/\/gradski.me\/en\/wp-json\/wp\/v2\/comments?post=948807"}],"version-history":[{"count":1,"href":"https:\/\/gradski.me\/en\/wp-json\/wp\/v2\/posts\/948807\/revisions"}],"predecessor-version":[{"id":948810,"href":"https:\/\/gradski.me\/en\/wp-json\/wp\/v2\/posts\/948807\/revisions\/948810"}],"wp:featuredmedia":[{"embeddable":true,"href":"https:\/\/gradski.me\/en\/wp-json\/wp\/v2\/media\/948809"}],"wp:attachment":[{"href":"https:\/\/gradski.me\/en\/wp-json\/wp\/v2\/media?parent=948807"}],"wp:term":[{"taxonomy":"category","embeddable":true,"href":"https:\/\/gradski.me\/en\/wp-json\/wp\/v2\/categories?post=948807"},{"taxonomy":"post_tag","embeddable":true,"href":"https:\/\/gradski.me\/en\/wp-json\/wp\/v2\/tags?post=948807"},{"taxonomy":"naslovna","embeddable":true,"href":"https:\/\/gradski.me\/en\/wp-json\/wp\/v2\/naslovna?post=948807"}],"curies":[{"name":"wp","href":"https:\/\/api.w.org\/{rel}","templated":true}]}}