{"id":948331,"date":"2026-03-29T10:36:00","date_gmt":"2026-03-29T08:36:00","guid":{"rendered":"https:\/\/gradski.me\/?p=948331"},"modified":"2026-03-29T20:03:00","modified_gmt":"2026-03-29T18:03:00","slug":"vikend-sa-marijom-razic-pola-vijeka-strukovnog-udruzenja-arheologa-u-crnoj-gori","status":"publish","type":"post","link":"https:\/\/gradski.me\/en\/drustvo\/vikend-sa-marijom-razic-pola-vijeka-strukovnog-udruzenja-arheologa-u-crnoj-gori\/","title":{"rendered":"\"Weekend with Marija Razi\u0107\": Half a century of the professional association of archaeologists in Montenegro"},"content":{"rendered":"<p><\/p>\n\n\n\n<p>Pro\u0161lost za budu\u0107nost: pola vijeka strukovnog udru\u017eenja arheologa u Crnoj Gori zajedni\u010dki je projekat Dru\u0161tva arheologa Crne Gore i Dru\u0161tva za kulturni razvoj Bauo iz Petrovca. Predstavlja sveobuhvatnu inicijativu usmjerenu ka afirmaciji arheologije kao savremene, dru\u0161tveno relevantne i strate\u0161ki va\u017ene humanisti\u010dke discipline u Crnoj Gori, kao i na institucionalno i profesionalno osna\u017eivanje Dru\u0161tva arheologa, \u010diji \u0107e predsjednik Goran Pajovi\u0107 biti na\u0161 gost.<\/p>\n\n\n\n<p>Prenosimo atmosferu sa prvog Me\u0111unarodnog festivala \u010dipke na iglu, koji se odr\u017eava u Kotoru u organizaciji OJU \u201eMuzeji\u201d, uz u\u0107e\u0161\u0107e udru\u017eenja iz Italije, Hrvatske, Ju\u017ene Koreje i Crne Gore. Dobrotska \u010dipka je od 2013. godine nematerijalno kulturno dobro od nacionalnog zna\u010daja koje zahtijeva pa\u017enju, znanje i trajnu brigu, poru\u010duju iz Ministarstva kulture i medija uz obe\u0107anje da \u0107e dati puni doprinos da se izuzetne kulturne vrijednosti dobrotske \u010dipke valorizuju na me\u0111unarodnom nivou i da se upi\u0161e na UNESCO reprezentativnu listu nematerijalne kulturne ba\u0161tine \u010dovje\u010danstva.<\/p>\n\n\n\n<p>19. izdanje festivala ,,Mjesec po\u0161tovanja d\u017eeza u Crnoj Gori \u2013 JAM 2026.\u201d odr\u017ea\u0107e se od 1. do 30. aprila u Podgorici, Cetinju i Kotoru. Festival tradicionalno organizuje nevladino udru\u017eenje Jazz Art, koje kroz JAM promovi\u0161e d\u017eez kulturu, edukaciju i me\u0111unarodnu saradnju u Crnoj Gori. Na\u0161a go\u0161\u0107a bi\u0107e osniva\u010dica festivala Maja Popovi\u0107, kojoj je krajem pro\u0161le godine dodijeljeno presti\u017eno odlikovanje \u2013 Orden viteza umjetnosti i knji\u017eevnosti.<\/p>\n\n\n\n<p>,,Visoko\u201d je prvi singl i spot benda ,,Gorostas\u201d koji najavljuje album \u201eVriti\u201c. U goste nam sti\u017eu \u010dlanovi benda Boris \u0110ur\u0111i\u0107 i Jovo \u010ceprni\u0107.<\/p>\n\n\n\n<p>In the Reading section, we solve linguistic dilemmas.<\/p>\n\n\n\n<p>In cooperation with friends of our show, we prepare numerous gifts for viewers, among them tickets for the cinema Cineplexx.<\/p>\n\n\n\n<p>Show editor-Marija Razi\u0107<\/p>\n\n\n\n<p>email: vikend.rtvpodgorica@gmail.com<\/p>\n\n\n\n<p>instagram page: @weekend.rtvpodgorica<\/p>","protected":false},"excerpt":{"rendered":"<p>Pro\u0161lost za budu\u0107nost: pola vijeka strukovnog udru\u017eenja arheologa u Crnoj Gori zajedni\u010dki je projekat Dru\u0161tva arheologa Crne Gore i Dru\u0161tva za kulturni razvoj Bauo iz Petrovca. Predstavlja sveobuhvatnu inicijativu usmjerenu ka afirmaciji arheologije kao savremene, dru\u0161tveno relevantne i strate\u0161ki va\u017ene humanisti\u010dke discipline u Crnoj Gori, kao i na institucionalno i profesionalno osna\u017eivanje Dru\u0161tva arheologa, \u010diji [&hellip;]<\/p>\n","protected":false},"author":13,"featured_media":941000,"comment_status":"open","ping_status":"open","sticky":false,"template":"","format":"standard","meta":{"_acf_changed":false,"footnotes":"","jetpack_publicize_message":"","jetpack_publicize_feature_enabled":true,"jetpack_social_post_already_shared":true,"jetpack_social_options":{"image_generator_settings":{"template":"highway","default_image_id":0,"font":"","enabled":false},"version":2}},"categories":[9],"tags":[279,13900],"naslovna":[],"class_list":["post-948331","post","type-post","status-publish","format-standard","has-post-thumbnail","hentry","category-drustvo","tag-rtv-podgorica","tag-vikend-sa-marijom"],"acf":[],"jetpack_publicize_connections":[],"_links":{"self":[{"href":"https:\/\/gradski.me\/en\/wp-json\/wp\/v2\/posts\/948331","targetHints":{"allow":["GET"]}}],"collection":[{"href":"https:\/\/gradski.me\/en\/wp-json\/wp\/v2\/posts"}],"about":[{"href":"https:\/\/gradski.me\/en\/wp-json\/wp\/v2\/types\/post"}],"author":[{"embeddable":true,"href":"https:\/\/gradski.me\/en\/wp-json\/wp\/v2\/users\/13"}],"replies":[{"embeddable":true,"href":"https:\/\/gradski.me\/en\/wp-json\/wp\/v2\/comments?post=948331"}],"version-history":[{"count":1,"href":"https:\/\/gradski.me\/en\/wp-json\/wp\/v2\/posts\/948331\/revisions"}],"predecessor-version":[{"id":948333,"href":"https:\/\/gradski.me\/en\/wp-json\/wp\/v2\/posts\/948331\/revisions\/948333"}],"wp:featuredmedia":[{"embeddable":true,"href":"https:\/\/gradski.me\/en\/wp-json\/wp\/v2\/media\/941000"}],"wp:attachment":[{"href":"https:\/\/gradski.me\/en\/wp-json\/wp\/v2\/media?parent=948331"}],"wp:term":[{"taxonomy":"category","embeddable":true,"href":"https:\/\/gradski.me\/en\/wp-json\/wp\/v2\/categories?post=948331"},{"taxonomy":"post_tag","embeddable":true,"href":"https:\/\/gradski.me\/en\/wp-json\/wp\/v2\/tags?post=948331"},{"taxonomy":"naslovna","embeddable":true,"href":"https:\/\/gradski.me\/en\/wp-json\/wp\/v2\/naslovna?post=948331"}],"curies":[{"name":"wp","href":"https:\/\/api.w.org\/{rel}","templated":true}]}}