{"id":948199,"date":"2026-03-28T20:50:07","date_gmt":"2026-03-28T19:50:07","guid":{"rendered":"https:\/\/gradski.me\/?p=948199"},"modified":"2026-03-28T20:50:10","modified_gmt":"2026-03-28T19:50:10","slug":"uprava-polcije-cadjenovic-na-najbolji-nacin-afirmisao-ugled-i-dostojno-predstavio-sluzbu","status":"publish","type":"post","link":"https:\/\/gradski.me\/en\/sport\/uprava-polcije-cadjenovic-na-najbolji-nacin-afirmisao-ugled-i-dostojno-predstavio-sluzbu\/","title":{"rendered":"Police Directorate: \u010ca\u0111enovi\u0107 affirmed his reputation in the best way and presented the service with dignity"},"content":{"rendered":"<p><\/p>\n\n\n\n<p><\/p>\n\n\n\n<p>&#8222;Uz Nemanju su ve\u010deras, na &#8222;Budva Splendid Grand Prix&#8220;, bile kolege iz Uprave policije koje su ga bodrile. Na\u0161 kolega \u010ca\u0111enovi\u0107 nije samo osvojio titulu, ve\u0107 je potvrdio vrijednosti koje krase policijsku profesiju \u2013 hrabrost, disciplinu, vje\u0161tinu, istrajnost i odgovornost. Ostvarenim uspehom, Nemanja je postigao sjajan sportski rezultat, a ujedno je na najbolji na\u010din afirmisao ugled Uprave policije i dostojno predstavio slu\u017ebu i dr\u017eavu na me\u0111unarodnom nivou&#8220;, isti\u010du iz UP.<\/p>\n\n\n\n<p>Crnogorska policija je, kako zaklju\u010duju, ponosna na svog kolegu Nemanju \u010ca\u0111enovi\u0107a i od srca mu \u010destita uspjeh!<\/p>","protected":false},"excerpt":{"rendered":"<p>Nemanja \u010ca\u0111enovi\u0107, pripadnik Posebne jedinice policije, ve\u010deras je Budvi osvojio titulu profesionalnog prvaka Evrope u kik-boksu. On je u tre\u0107oj rundi nokautom pobijedio Stevena Kitoka, francuskog borca, saop\u0161tili su iz Uprave policije.<\/p>","protected":false},"author":13,"featured_media":878604,"comment_status":"open","ping_status":"open","sticky":false,"template":"","format":"standard","meta":{"_acf_changed":false,"footnotes":"","jetpack_publicize_message":"","jetpack_publicize_feature_enabled":true,"jetpack_social_post_already_shared":true,"jetpack_social_options":{"image_generator_settings":{"template":"highway","default_image_id":0,"font":"","enabled":false},"version":2}},"categories":[15],"tags":[13596,109],"naslovna":[],"class_list":["post-948199","post","type-post","status-publish","format-standard","has-post-thumbnail","hentry","category-sport","tag-nemanja-cadjenovic","tag-uprava-policije"],"acf":[],"jetpack_publicize_connections":[],"_links":{"self":[{"href":"https:\/\/gradski.me\/en\/wp-json\/wp\/v2\/posts\/948199","targetHints":{"allow":["GET"]}}],"collection":[{"href":"https:\/\/gradski.me\/en\/wp-json\/wp\/v2\/posts"}],"about":[{"href":"https:\/\/gradski.me\/en\/wp-json\/wp\/v2\/types\/post"}],"author":[{"embeddable":true,"href":"https:\/\/gradski.me\/en\/wp-json\/wp\/v2\/users\/13"}],"replies":[{"embeddable":true,"href":"https:\/\/gradski.me\/en\/wp-json\/wp\/v2\/comments?post=948199"}],"version-history":[{"count":1,"href":"https:\/\/gradski.me\/en\/wp-json\/wp\/v2\/posts\/948199\/revisions"}],"predecessor-version":[{"id":948203,"href":"https:\/\/gradski.me\/en\/wp-json\/wp\/v2\/posts\/948199\/revisions\/948203"}],"wp:featuredmedia":[{"embeddable":true,"href":"https:\/\/gradski.me\/en\/wp-json\/wp\/v2\/media\/878604"}],"wp:attachment":[{"href":"https:\/\/gradski.me\/en\/wp-json\/wp\/v2\/media?parent=948199"}],"wp:term":[{"taxonomy":"category","embeddable":true,"href":"https:\/\/gradski.me\/en\/wp-json\/wp\/v2\/categories?post=948199"},{"taxonomy":"post_tag","embeddable":true,"href":"https:\/\/gradski.me\/en\/wp-json\/wp\/v2\/tags?post=948199"},{"taxonomy":"naslovna","embeddable":true,"href":"https:\/\/gradski.me\/en\/wp-json\/wp\/v2\/naslovna?post=948199"}],"curies":[{"name":"wp","href":"https:\/\/api.w.org\/{rel}","templated":true}]}}