{"id":948132,"date":"2026-03-28T19:48:00","date_gmt":"2026-03-28T18:48:00","guid":{"rendered":"https:\/\/gradski.me\/?p=948132"},"modified":"2026-03-29T12:33:27","modified_gmt":"2026-03-29T10:33:27","slug":"video-na-kulinarskom-takmicenju-biseru-mora-crnogorski-kuvari-osvojili-brojne-nagrade","status":"publish","type":"post","link":"https:\/\/gradski.me\/en\/drustvo\/video-na-kulinarskom-takmicenju-biseru-mora-crnogorski-kuvari-osvojili-brojne-nagrade\/","title":{"rendered":"(VIDEO) Montenegrin chefs win numerous awards at the \"Pearl of the Sea\" culinary competition"},"content":{"rendered":"<p>Bra\u010d je ve\u0107 poznata takmi\u010darska destinacija za profesore i \u0111ake kuvare. Manojlo Vojvodi\u0107, odabranu ekipu, tamo vodi 22 godine i uvijek se,ka\u017ee, vrate s medaljama.<\/p>\n\n\n\n<p>&#8222;Oni napreduju iz dana u dan, to su odabrana djeca, vaspitana djeca, mnogo su privr\u017eeni kulinarstvu zato imaju i uspjeha&#8220;, istakao je Vojvodi\u0107.<\/p>\n\n\n\n<p>Iako duplo manje od profesora, kuvar Darko Joki\u0107 se ve\u0107 odoma\u0107io na tom hrvatskom ostrvu. Voli da se takmi\u010di u velikoj konkurenciji, jer je to, ka\u017ee, prilika da nau\u010di i upozna ne\u0161to novo.<\/p>\n\n\n\n<p>&#8222;Jer stvarno ima dosta \u0161efova tamo koji su vrhunski, koji dolaze da se oku\u0161aju i da svake godine naprave neki vrhunski rezultat&#8220;, navodi on.<\/p>\n\n\n\n<p>Svojim kulinarskim vje\u0161tinama, u tri kvalifikacione kategorije, u\u0161ao je u top 5.<\/p>\n\n\n\n<p>&#8222;Otprilike 25 seniora je bilo prijavljenih. Od nas 25 izabrano je oet koji su se takmi\u010dili u blac boksu, to je ono \u0161to gledate master \u0161ef, sli\u010dno tome&#8220;, ka\u017ee Joki\u0107.<\/p>\n\n\n\n<p>Na rezultate takmi\u010darske ekipe na Bra\u010du zadovoljan je i mentor Milan Bukarica.<\/p>\n\n\n\n<p>&#8222;Bilo je na takmi\u010denju negdje oko 516 takmi\u010dara iz 18 dr\u017eava,Nije svejedno kad je pored njega u boksu Franzuc, Talijan ili Njemaci li neko ko misli da je velika skala, ali mi smo bili sretni, prezadovoljni&#8220;, istakao je on.<\/p>\n\n\n\n<p>Marija, Tamara, Nenadbili su gosti na\u0161e televizije i samo su dio takmi\u010darske ekipe. Zadovoljni su postignutim rezultatom, Uvjereni su da mogu bolje.Iako je builo naporno, jedva \u010dekaju novo takmi\u010denje.<\/p>\n\n\n\n<figure class=\"wp-block-embed is-type-video is-provider-youtube wp-block-embed-youtube wp-embed-aspect-16-9 wp-has-aspect-ratio\"><div class=\"wp-block-embed__wrapper\">\n<iframe title=\"Na kulinarskom takmi\u010denju &quot;Biseru mora&quot; crnogorski kuvari osvojili brojne nagrade\" width=\"800\" height=\"450\" src=\"https:\/\/www.youtube.com\/embed\/f8iAIGn30Vk?feature=oembed\" frameborder=\"0\" allow=\"accelerometer; autoplay; clipboard-write; encrypted-media; gyroscope; picture-in-picture; web-share\" referrerpolicy=\"strict-origin-when-cross-origin\" allowfullscreen><\/iframe>\n<\/div><\/figure>\n\n\n\n<p><\/p>\n\n\n\n<p><\/p>\n\n\n\n<p><\/p>\n\n\n\n<p><\/p>\n\n\n\n<p><\/p>\n\n\n\n<p><\/p>\n\n\n\n<p><\/p>\n\n\n\n<p><\/p>\n\n\n\n<p><\/p>","protected":false},"excerpt":{"rendered":"<p>Na jednom od najve\u0107ih evropskih kulinarskih takmi\u010denja i festivala \u2013 ,,Biseru mora\u201d koji je odr\u017ean na Bra\u010du u Hrvatskoj, crnogorski kuvari osvojili su brojne nagrade u razli\u010ditim kategorijama. Takmi\u010denje je organizovalo\u00a0 Udru\u017eenje kuvara mediteranskih i evropskih regija. Neke od u\u010desnika ugostili smo u na\u0161em Vikend programu.<\/p>","protected":false},"author":13,"featured_media":948135,"comment_status":"open","ping_status":"open","sticky":false,"template":"","format":"standard","meta":{"_acf_changed":false,"footnotes":"","jetpack_publicize_message":"","jetpack_publicize_feature_enabled":true,"jetpack_social_post_already_shared":true,"jetpack_social_options":{"image_generator_settings":{"template":"highway","default_image_id":0,"font":"","enabled":false},"version":2}},"categories":[9],"tags":[29369,13900],"naslovna":[],"class_list":["post-948132","post","type-post","status-publish","format-standard","has-post-thumbnail","hentry","category-drustvo","tag-kulinarstvo","tag-vikend-sa-marijom"],"acf":[],"jetpack_publicize_connections":[],"_links":{"self":[{"href":"https:\/\/gradski.me\/en\/wp-json\/wp\/v2\/posts\/948132","targetHints":{"allow":["GET"]}}],"collection":[{"href":"https:\/\/gradski.me\/en\/wp-json\/wp\/v2\/posts"}],"about":[{"href":"https:\/\/gradski.me\/en\/wp-json\/wp\/v2\/types\/post"}],"author":[{"embeddable":true,"href":"https:\/\/gradski.me\/en\/wp-json\/wp\/v2\/users\/13"}],"replies":[{"embeddable":true,"href":"https:\/\/gradski.me\/en\/wp-json\/wp\/v2\/comments?post=948132"}],"version-history":[{"count":2,"href":"https:\/\/gradski.me\/en\/wp-json\/wp\/v2\/posts\/948132\/revisions"}],"predecessor-version":[{"id":948138,"href":"https:\/\/gradski.me\/en\/wp-json\/wp\/v2\/posts\/948132\/revisions\/948138"}],"wp:featuredmedia":[{"embeddable":true,"href":"https:\/\/gradski.me\/en\/wp-json\/wp\/v2\/media\/948135"}],"wp:attachment":[{"href":"https:\/\/gradski.me\/en\/wp-json\/wp\/v2\/media?parent=948132"}],"wp:term":[{"taxonomy":"category","embeddable":true,"href":"https:\/\/gradski.me\/en\/wp-json\/wp\/v2\/categories?post=948132"},{"taxonomy":"post_tag","embeddable":true,"href":"https:\/\/gradski.me\/en\/wp-json\/wp\/v2\/tags?post=948132"},{"taxonomy":"naslovna","embeddable":true,"href":"https:\/\/gradski.me\/en\/wp-json\/wp\/v2\/naslovna?post=948132"}],"curies":[{"name":"wp","href":"https:\/\/api.w.org\/{rel}","templated":true}]}}