{"id":947313,"date":"2026-03-27T09:02:00","date_gmt":"2026-03-27T08:02:00","guid":{"rendered":"https:\/\/gradski.me\/?p=947313"},"modified":"2026-03-27T09:07:14","modified_gmt":"2026-03-27T08:07:14","slug":"fzo-fond-ce-predloziti-izmjene-postojeceg-pravilnika-i-omoguciti-ostvarivanje-prava-na-rehabilitaciju-svim-pacijentima-sa-spinom-bifidom","status":"publish","type":"post","link":"https:\/\/gradski.me\/en\/drustvo\/fzo-fond-ce-predloziti-izmjene-postojeceg-pravilnika-i-omoguciti-ostvarivanje-prava-na-rehabilitaciju-svim-pacijentima-sa-spinom-bifidom\/","title":{"rendered":"HIF: The Fund will propose amendments to the existing Regulations and enable the exercise of the right to rehabilitation for all patients with spina bifida"},"content":{"rendered":"<p><\/p>\n\n\n\n<p>,,Nakon reagovanja porodice Jakupi, novi menad\u017ement Fonda je izvr\u0161io uvid u dokumentaciju sa sjednice Upravnog odbora\u00a0na kojoj su usvojene izmjene Pravilnika i ustanovio da isti nije mijenjan u dijelu koji se odnosi na ostvarivanje prava pacijenata sa dijagnozom spina bifida&#8220;, navode iz FZO-a.<\/p>\n\n\n\n<p>Pomenuto se, isti\u010du, mo\u017ee utvrditi iz Prijedloga izmjena pravilnika i obrazlo\u017eenja predlo\u017eenih izmjena.<\/p>\n\n\n\n<p>,,Prema do tada va\u017ee\u0107em Pravilniku pravo na rehabilitaciju su imala djeca sa dijagnozom spina bifida i to tri puta po 21 dan u prvoj godini \u017eivota i do 15.godine \u017eivota svake godine po jedanput u trajanju tako\u0111e po 21 dan&#8220;, nagla\u0161avaju iz FZO.<\/p>\n\n\n\n<p>NijesU u saznanju kako se desilo da u novom Pravilniku nedostaje dio koji je omogu\u0107avao pravo na rehabilitaciju djeci do 15.godine \u017eivota tako da su i Fond i Ministarstvo zdravlja odluke\u00a0 donijeli u skladu sa\u00a0 va\u017ee\u0107em Pravilnikom.\u00a0<\/p>\n\n\n\n<p>,,Uva\u017eavaju\u0107i primjedbe ne samo porodice Jakupi ve\u0107 i ostalih punoljetnih pacijenata, posebno nagla\u0161avaju\u0107i zna\u010daj medicinske rehabilitacije i fizioterapije\u00a0 u o\u010duvanju i unapre\u0111enju funkcionalnosti i kvaliteta \u017eivota\u00a0Fond \u0107e predlo\u017eiti izmjene postoje\u0107eg Pravilnika i omogu\u0107iti ostvarivanje prava na rehabilitaciju svim pacijentima sa spinom bifidom pra\u0107enom neurolo\u0161kim deficitom&#8220;, navode iz FZO-a.<\/p>\n\n\n\n<p>U me\u0111uvremenu, isti\u010du, kontaktiran je gospodin Jakupi i za ponedjeljak je dogovoren sastanak sa VD direktorom Fonda za zdravstveno osiguranje Crne Gore \u00a0dr Aleksandarom Ru\u017ei\u0107em.<\/p>\n\n\n\n<p>,,Fond na \u010delu sa novim menad\u017ementom ostaje otvoren za razgovor o svim prijedlozima i sugestijama osiguranika a sve u cilju unapre\u0111enja ostvarivanja prava zagarantovanih Zakonom o zdravstvenom osiguranju&#8220;, zakljuluju u saop\u0161tenju iz Fonda za zdravstveno osiguranje Crne Gore.\u00a0\u00a0\u00a0\u00a0\u00a0<\/p>","protected":false},"excerpt":{"rendered":"<p>Nakon \u0161to je objavljen tekst u ND \u201cVijesti\u201d kojeg su prenijeli i neki drugi mediji u vezi sa Pravilnikom \u00a0o indikacijama i na\u010dinu kori\u0161\u0107enja medicinske rehabilitacije u zdravstvenim ustanovama koje obavljaju specijalizovanu medicinsku rehabilitaciju, du\u017eni smo saop\u0161titi da je izmijenjeni Pravilnik o indikacijama i na\u010dinu kori\u0161\u0107enja medicinske rehabilitacije u zdravstvenim ustanovama koje obavljaju specijalizovanu medicinsku rehabilitaciju stupio \u00a0na snagu 15.2.2025. godine kako je i objavljeno u Slu\u017ebenom listu Crne Gore, saop\u0161teno je iz Fonda za zdravstveno osiguranje Crne Gore.<\/p>","protected":false},"author":14,"featured_media":941752,"comment_status":"open","ping_status":"open","sticky":false,"template":"","format":"standard","meta":{"_acf_changed":false,"footnotes":"","jetpack_publicize_message":"","jetpack_publicize_feature_enabled":true,"jetpack_social_post_already_shared":true,"jetpack_social_options":{"image_generator_settings":{"template":"highway","default_image_id":0,"font":"","enabled":false},"version":2}},"categories":[9],"tags":[9413,10410,29257,29258,19114],"naslovna":[],"class_list":["post-947313","post","type-post","status-publish","format-standard","has-post-thumbnail","hentry","category-drustvo","tag-fond","tag-fzo","tag-ostvarivanje-prava-na-rehabilitaciju","tag-pacijenti-sa-spinom-bifidom","tag-pravilnik"],"acf":[],"jetpack_publicize_connections":[],"_links":{"self":[{"href":"https:\/\/gradski.me\/en\/wp-json\/wp\/v2\/posts\/947313","targetHints":{"allow":["GET"]}}],"collection":[{"href":"https:\/\/gradski.me\/en\/wp-json\/wp\/v2\/posts"}],"about":[{"href":"https:\/\/gradski.me\/en\/wp-json\/wp\/v2\/types\/post"}],"author":[{"embeddable":true,"href":"https:\/\/gradski.me\/en\/wp-json\/wp\/v2\/users\/14"}],"replies":[{"embeddable":true,"href":"https:\/\/gradski.me\/en\/wp-json\/wp\/v2\/comments?post=947313"}],"version-history":[{"count":1,"href":"https:\/\/gradski.me\/en\/wp-json\/wp\/v2\/posts\/947313\/revisions"}],"predecessor-version":[{"id":947314,"href":"https:\/\/gradski.me\/en\/wp-json\/wp\/v2\/posts\/947313\/revisions\/947314"}],"wp:featuredmedia":[{"embeddable":true,"href":"https:\/\/gradski.me\/en\/wp-json\/wp\/v2\/media\/941752"}],"wp:attachment":[{"href":"https:\/\/gradski.me\/en\/wp-json\/wp\/v2\/media?parent=947313"}],"wp:term":[{"taxonomy":"category","embeddable":true,"href":"https:\/\/gradski.me\/en\/wp-json\/wp\/v2\/categories?post=947313"},{"taxonomy":"post_tag","embeddable":true,"href":"https:\/\/gradski.me\/en\/wp-json\/wp\/v2\/tags?post=947313"},{"taxonomy":"naslovna","embeddable":true,"href":"https:\/\/gradski.me\/en\/wp-json\/wp\/v2\/naslovna?post=947313"}],"curies":[{"name":"wp","href":"https:\/\/api.w.org\/{rel}","templated":true}]}}