{"id":946685,"date":"2026-03-26T12:01:00","date_gmt":"2026-03-26T11:01:00","guid":{"rendered":"https:\/\/gradski.me\/?p=946685"},"modified":"2026-03-26T11:04:37","modified_gmt":"2026-03-26T10:04:37","slug":"vece-patriotske-poezije-u-biblioteci","status":"publish","type":"post","link":"https:\/\/gradski.me\/en\/kultura\/vece-patriotske-poezije-u-biblioteci\/","title":{"rendered":"Patriotic Poetry Evening at the Library"},"content":{"rendered":"<p><\/p>\n\n\n\n<p>U programu \u0107e u\u010destvovati: Vasilisa Ilin\u010di\u0107, Pavi\u0107 Radovi\u0107, Mihaela Lazovi\u0107, Momir Momo Joksimovi\u0107, Vuki\u0107 Garo Brajkovi\u0107, Had\u017ei Radovan M. Radovi\u0107, Batri\u0107 Babovi\u0107, Sla\u00f0ana Pupovi\u0107, Ljubisav Bjeli\u0107, Borislav Golubovi\u0107, Maja Nikoli\u0107, Nenad Skrobanovi\u0107, Lidija Mara\u0161 Marku\u0161, Irina Lazovi\u0107, Milan Petrovi\u0107, Slavica Dedi\u0107, Veselin Vujovi\u0107 Vivet, Radomir Mili\u0107, Lekso Rako\u010devi\u0107, Bo\u017eo Vu\u010di\u0107 Bo\u017ean, Darko Buli\u0107 i Slobodan M. \u010curovi\u0107 Tu\u0161inski.<\/p>\n\n\n\n<p>Program \u0107e voditi Vasilisa Ilin\u010di\u0107.<\/p>\n\n\n\n<p>Sala \u201cMarko Miljanov\u201d.<\/p>\n\n\n\n<figure class=\"wp-block-image size-large\"><img fetchpriority=\"high\" decoding=\"async\" width=\"772\" height=\"1024\" src=\"https:\/\/gradski.me\/wp-content\/uploads\/2026\/03\/image-43-772x1024.webp\" alt=\"\" class=\"wp-image-946686\" title=\"\" srcset=\"https:\/\/gradski.me\/wp-content\/uploads\/2026\/03\/image-43-772x1024.webp 772w, https:\/\/gradski.me\/wp-content\/uploads\/2026\/03\/image-43-226x300.webp 226w, https:\/\/gradski.me\/wp-content\/uploads\/2026\/03\/image-43-768x1019.webp 768w, https:\/\/gradski.me\/wp-content\/uploads\/2026\/03\/image-43-9x12.webp 9w, https:\/\/gradski.me\/wp-content\/uploads\/2026\/03\/image-43.webp 988w\" sizes=\"(max-width: 772px) 100vw, 772px\" \/><\/figure>","protected":false},"excerpt":{"rendered":"<p>Ve\u010de patriotske poezije &#8211; Slobodan M. \u010curovi\u0107 Tu\u0161inski i prijatelji, u organizaciji Udru\u017eenja \u201cSvetosavnici\u201d, bi\u0107e odr\u017eano u petak, 27. marta u Biblioteci \u201cRadosav Ljumovi\u0107\u201d, s po\u010detkom u 19 \u010dasova.<\/p>","protected":false},"author":8,"featured_media":946687,"comment_status":"open","ping_status":"open","sticky":false,"template":"","format":"standard","meta":{"_acf_changed":false,"footnotes":"","jetpack_publicize_message":"","jetpack_publicize_feature_enabled":true,"jetpack_social_post_already_shared":true,"jetpack_social_options":{"image_generator_settings":{"template":"highway","default_image_id":0,"font":"","enabled":false},"version":2}},"categories":[11],"tags":[11519,29157],"naslovna":[],"class_list":["post-946685","post","type-post","status-publish","format-standard","has-post-thumbnail","hentry","category-kultura","tag-biblioteka-radosav-ljumovic","tag-vece-patriotske-poezije"],"acf":[],"jetpack_publicize_connections":[],"_links":{"self":[{"href":"https:\/\/gradski.me\/en\/wp-json\/wp\/v2\/posts\/946685","targetHints":{"allow":["GET"]}}],"collection":[{"href":"https:\/\/gradski.me\/en\/wp-json\/wp\/v2\/posts"}],"about":[{"href":"https:\/\/gradski.me\/en\/wp-json\/wp\/v2\/types\/post"}],"author":[{"embeddable":true,"href":"https:\/\/gradski.me\/en\/wp-json\/wp\/v2\/users\/8"}],"replies":[{"embeddable":true,"href":"https:\/\/gradski.me\/en\/wp-json\/wp\/v2\/comments?post=946685"}],"version-history":[{"count":1,"href":"https:\/\/gradski.me\/en\/wp-json\/wp\/v2\/posts\/946685\/revisions"}],"predecessor-version":[{"id":946688,"href":"https:\/\/gradski.me\/en\/wp-json\/wp\/v2\/posts\/946685\/revisions\/946688"}],"wp:featuredmedia":[{"embeddable":true,"href":"https:\/\/gradski.me\/en\/wp-json\/wp\/v2\/media\/946687"}],"wp:attachment":[{"href":"https:\/\/gradski.me\/en\/wp-json\/wp\/v2\/media?parent=946685"}],"wp:term":[{"taxonomy":"category","embeddable":true,"href":"https:\/\/gradski.me\/en\/wp-json\/wp\/v2\/categories?post=946685"},{"taxonomy":"post_tag","embeddable":true,"href":"https:\/\/gradski.me\/en\/wp-json\/wp\/v2\/tags?post=946685"},{"taxonomy":"naslovna","embeddable":true,"href":"https:\/\/gradski.me\/en\/wp-json\/wp\/v2\/naslovna?post=946685"}],"curies":[{"name":"wp","href":"https:\/\/api.w.org\/{rel}","templated":true}]}}