{"id":945851,"date":"2026-03-24T21:00:00","date_gmt":"2026-03-24T20:00:00","guid":{"rendered":"https:\/\/gradski.me\/?p=945851"},"modified":"2026-03-24T20:12:10","modified_gmt":"2026-03-24T19:12:10","slug":"ura-ministarstvo-potvrdilo-da-je-konkurs-za-velje-brdo-namjesten","status":"publish","type":"post","link":"https:\/\/gradski.me\/en\/politika\/ura-ministarstvo-potvrdilo-da-je-konkurs-za-velje-brdo-namjesten\/","title":{"rendered":"URA: Ministry confirms that the competition for Velje Brdo was rigged"},"content":{"rendered":"<p>Gra\u0111anski pokret URA saop\u0161tio je da je dana\u0161nje obrazlo\u017eenje Ministarstva urbanizma, prostornog planiranja, urbanizma i dr\u017eavne imovine (MDUP) samo potvrdilo njihove sumnje \u2013 da je konkurs za Velje brdo namje\u0161ten.<\/p>\n\n\n\n<p>,,Nakon \u0161to je ministar urbanizma <strong>Slaven Radunovi\u0107<\/strong> u TV emisiji kazao da su se \u201crespektabilne arhitektonske ku\u0107e iz Evrope i regiona\u201d prijavile na me\u0111unarodni anonimni konkurs za Velje brdo, iako on to nikako nije smio znati, danas je stiglo jo\u0161 tragikomi\u010dnije obrazlo\u017eenje iz tog Ministarstva koje samo potvr\u0111uje ve\u0107 postoje\u0107e sumnje \u2013 da je konkurs namje\u0161ten\u201d, saop\u0161tili su iz Gra\u0111anskog pokreta URA.<\/p>\n\n\n\n<p>Iz MDUP-a su, naime, kazali da se ovaj konkurs sprovodi u skladu sa jasno definisanim pravilima i zakonima, odbacuju\u0107i sumnje da je postupak namje\u0161ten, te da znaju da postoji internacionalno interesovanje za konkurs, zato \u0161to su pojedina pristigla pitanja o njemu bila i na engleskom jeziku.<\/p>\n\n\n\n<p>Ministarstvo je u zvani\u010dnom saop\u0161tenju, kako isti\u010du iz pokreta URA, kazalo da \u201c\u017eali zbog sumnji da je konkurs namje\u0161ten\u201d, a da su se prijavile respektabilne arhitektonske ku\u0107e iz Evrope i regiona utvrdili su, kako ka\u017eu, jer su \u201cpitanja postavljana na engleskom jeziku\u201d.<\/p>\n\n\n\n<p>\u201cBilo je raznih izgovora i besmislica u posljednje \u010detiri decenije, ali ovakvu \u2013 jo\u0161 uvijek nijesmo slu\u0161ali. Da je neko poslao pitanje na francuskom, vjerovatno bi zaklju\u010dak bio da su vode\u0107e afri\u010dke frankofone dr\u017eave mobilisale svoje biroe, iako se \u2013 pazite sad \u2013 me\u0111unarodni konkurs svjetskog kalibra, za projekat vrijedan vi\u0161e milijardi eura, zvani\u010dno sprovodi \u2013 isklju\u010divo na crnogorskom jeziku\u201d, ukazuju iz pokreta URA.<\/p>\n\n\n\n<p>URA podsje\u0107a da je nevjerovatno konkurs takvog tipa raspisati samo na crnogorskom jeziku, te da takve \u010dinjenice dodatno obesmi\u0161ljavaju zvani\u010dno obrazlo\u017eenje Ministarstva.<\/p>\n\n\n\n<p>\u201cIli je pola svijeta provodilo dane na Google Translate-u, ne bi li preveli konkursni zadatak i u\u010destvovali u projektu vijeka, ili je ministarstvo na sve na\u010dine na\u0161telovalo sam konkurs i ve\u0107 odlu\u010dilo ko ga dobija, iako konkurs traje jo\u0161 7 dana. Odgovor na ta magi\u010dna pitanja ostavljamo SDT-u, jer je poslije SKY prepiski \u2013 ovo najbolji poklon koje jedno tu\u017eila\u0161tvo mo\u017ee dobiti\u201d, zaklju\u010duje se u saop\u0161tenju.<\/p>","protected":false},"excerpt":{"rendered":"<p>Iz MDUP-a su, naime, kazali da se ovaj konkurs sprovodi u skladu sa jasno definisanim pravilima i zakonima, odbacuju\u0107i sumnje da je postupak namje\u0161ten, te da znaju da postoji internacionalno interesovanje za konkurs, zato \u0161to su pojedina pristigla pitanja o njemu bila i na engleskom jeziku.<\/p>","protected":false},"author":20,"featured_media":945859,"comment_status":"open","ping_status":"open","sticky":false,"template":"","format":"standard","meta":{"_acf_changed":false,"footnotes":"","jetpack_publicize_message":"","jetpack_publicize_feature_enabled":true,"jetpack_social_post_already_shared":true,"jetpack_social_options":{"image_generator_settings":{"template":"highway","default_image_id":0,"font":"","enabled":false},"version":2}},"categories":[7],"tags":[71,3333,2825],"naslovna":[],"class_list":["post-945851","post","type-post","status-publish","format-standard","has-post-thumbnail","hentry","category-politika","tag-gp-ura","tag-mdup","tag-velje-brdo"],"acf":[],"jetpack_publicize_connections":[],"_links":{"self":[{"href":"https:\/\/gradski.me\/en\/wp-json\/wp\/v2\/posts\/945851","targetHints":{"allow":["GET"]}}],"collection":[{"href":"https:\/\/gradski.me\/en\/wp-json\/wp\/v2\/posts"}],"about":[{"href":"https:\/\/gradski.me\/en\/wp-json\/wp\/v2\/types\/post"}],"author":[{"embeddable":true,"href":"https:\/\/gradski.me\/en\/wp-json\/wp\/v2\/users\/20"}],"replies":[{"embeddable":true,"href":"https:\/\/gradski.me\/en\/wp-json\/wp\/v2\/comments?post=945851"}],"version-history":[{"count":3,"href":"https:\/\/gradski.me\/en\/wp-json\/wp\/v2\/posts\/945851\/revisions"}],"predecessor-version":[{"id":945868,"href":"https:\/\/gradski.me\/en\/wp-json\/wp\/v2\/posts\/945851\/revisions\/945868"}],"wp:featuredmedia":[{"embeddable":true,"href":"https:\/\/gradski.me\/en\/wp-json\/wp\/v2\/media\/945859"}],"wp:attachment":[{"href":"https:\/\/gradski.me\/en\/wp-json\/wp\/v2\/media?parent=945851"}],"wp:term":[{"taxonomy":"category","embeddable":true,"href":"https:\/\/gradski.me\/en\/wp-json\/wp\/v2\/categories?post=945851"},{"taxonomy":"post_tag","embeddable":true,"href":"https:\/\/gradski.me\/en\/wp-json\/wp\/v2\/tags?post=945851"},{"taxonomy":"naslovna","embeddable":true,"href":"https:\/\/gradski.me\/en\/wp-json\/wp\/v2\/naslovna?post=945851"}],"curies":[{"name":"wp","href":"https:\/\/api.w.org\/{rel}","templated":true}]}}