{"id":945625,"date":"2026-03-24T16:58:00","date_gmt":"2026-03-24T15:58:00","guid":{"rendered":"https:\/\/gradski.me\/?p=945625"},"modified":"2026-03-24T20:32:48","modified_gmt":"2026-03-24T19:32:48","slug":"dobro-jutro-podgorice-o-savremenim-pristupima-u-dijagnostici-i-o-vrijednostima-koje-zelimo-njegovati-u-svakodnevnom-zivotu","status":"publish","type":"post","link":"https:\/\/gradski.me\/en\/podgorica\/dobro-jutro-podgorice-o-savremenim-pristupima-u-dijagnostici-i-o-vrijednostima-koje-zelimo-njegovati-u-svakodnevnom-zivotu\/","title":{"rendered":"\"Good morning, Podgorica\": About modern approaches in diagnostics and the values \u200b\u200bwe want to cherish in everyday life"},"content":{"rendered":"<p><\/p>\n\n\n\n<p>Od 25. do 30. aprila, <strong>Podgorica<\/strong> postaje mjesto okupljanja ljudi koji \u017eele da u\u010dine ne\u0161to dobro \u2013 za kom\u0161iluk, \u0161kolu, posao ili cijelu zajednicu. Kako se uklju\u010diti, za\u0161to je volontiranje va\u017eno i kako jedna ideja mo\u017ee pokrenuti mnoge \u2013 razgovaramo sa <strong>Milena \u0160\u0107epanovi\u0107<\/strong> iz organizacije <strong>ADP-Zid<\/strong>.<\/p>\n\n\n\n<p>Dru\u0161tvene mre\u017ee postale su svojevrsna \u201ecrna kutija\u201c sa na\u0161ih puteva. Svakodnevno pratimo snimke rizi\u010dnih preticanja, prelazaka preko pune linije i ulazaka u \u201emakazice\u201c, ali i voza\u010da koji bi trebalo da budu primjer, a kr\u0161e zakon. Da li svjedo\u010dimo kulturi dokazivanja i jurnjavi za lajkovima \u2013 ili gomilanju dokaza tragedija koje tek dolaze? O tome razgovaramo sa psiholo\u0161kinjom <strong>Stella Burzanovic<\/strong> i instruktorom vo\u017enje <strong>Nenadom Rai\u010devi\u0107em<\/strong>.<\/p>\n\n\n\n<p>Veliki uspjeh za crnogorski jiu-jitsu: prva timska bronzana medalja na Evropskom prvenstvu za seniore. Zapa\u017eeni su i pojedina\u010dni rezultati: <strong>Srdjan Boskovic<\/strong> po tre\u0107i put postaje prvak Evrope, dok je mlada <strong>Elena Jovanovic<\/strong> osvojila bronzu u konkurenciji do 18 godina. O istorijskom uspjehu, razvoju jiu-jitsua u Crnoj Gori i radu sa mladim talentima razgovaramo sa selektorom i trenerom reprezentacije Crne Gore, te trenerom <strong>JJK Stara Varo\u0161 \u2013 Mladenom Jokmanovi\u0107em<\/strong>.<\/p>\n\n\n\n<p>Program vode <strong>Aleksandra Popovi\u0107<\/strong>, dok pri\u010de sa terena donosi <strong>Nikola Radovic<\/strong>. Pratite <strong>\u201eDobro jutro, Podgorice\u201c<\/strong> i zapo\u010dnite dan informisani, inspirisani i puni pozitivne energije.<\/p>\n\n\n\n<p><\/p>","protected":false},"excerpt":{"rendered":"<p>Povodom simpozijuma pod nazivom \u201eRazli\u010ditosti kao vrijednosti u savremenom dru\u0161tvu\u201c, razgovaramo o temama koje su sve va\u017enije u na\u0161em dru\u0161tvu: podr\u0161ci djeci i porodicama, savremenim pristupima u dijagnostici i intervencijama, ali i o vrijednostima koje \u017eelimo njegovati u svakodnevnom \u017eivotu. Na\u0161a go\u0161\u0107a u studiju bi\u0107e dr Iva Ivanovi\u0107, direktorica Centra za rani razvoj pri KCCG.<\/p>","protected":false},"author":14,"featured_media":945626,"comment_status":"open","ping_status":"open","sticky":false,"template":"","format":"standard","meta":{"_acf_changed":false,"footnotes":"","jetpack_publicize_message":"","jetpack_publicize_feature_enabled":true,"jetpack_social_post_already_shared":false,"jetpack_social_options":{"image_generator_settings":{"template":"highway","default_image_id":0,"font":"","enabled":false},"version":2}},"categories":[6],"tags":[7883,29014],"naslovna":[],"class_list":["post-945625","post","type-post","status-publish","format-standard","has-post-thumbnail","hentry","category-podgorica","tag-dobro-jutro-podgorice","tag-savremeni-pristup-u-dijagnostici"],"acf":[],"jetpack_publicize_connections":[],"_links":{"self":[{"href":"https:\/\/gradski.me\/en\/wp-json\/wp\/v2\/posts\/945625","targetHints":{"allow":["GET"]}}],"collection":[{"href":"https:\/\/gradski.me\/en\/wp-json\/wp\/v2\/posts"}],"about":[{"href":"https:\/\/gradski.me\/en\/wp-json\/wp\/v2\/types\/post"}],"author":[{"embeddable":true,"href":"https:\/\/gradski.me\/en\/wp-json\/wp\/v2\/users\/14"}],"replies":[{"embeddable":true,"href":"https:\/\/gradski.me\/en\/wp-json\/wp\/v2\/comments?post=945625"}],"version-history":[{"count":1,"href":"https:\/\/gradski.me\/en\/wp-json\/wp\/v2\/posts\/945625\/revisions"}],"predecessor-version":[{"id":945627,"href":"https:\/\/gradski.me\/en\/wp-json\/wp\/v2\/posts\/945625\/revisions\/945627"}],"wp:featuredmedia":[{"embeddable":true,"href":"https:\/\/gradski.me\/en\/wp-json\/wp\/v2\/media\/945626"}],"wp:attachment":[{"href":"https:\/\/gradski.me\/en\/wp-json\/wp\/v2\/media?parent=945625"}],"wp:term":[{"taxonomy":"category","embeddable":true,"href":"https:\/\/gradski.me\/en\/wp-json\/wp\/v2\/categories?post=945625"},{"taxonomy":"post_tag","embeddable":true,"href":"https:\/\/gradski.me\/en\/wp-json\/wp\/v2\/tags?post=945625"},{"taxonomy":"naslovna","embeddable":true,"href":"https:\/\/gradski.me\/en\/wp-json\/wp\/v2\/naslovna?post=945625"}],"curies":[{"name":"wp","href":"https:\/\/api.w.org\/{rel}","templated":true}]}}