{"id":944803,"date":"2026-03-22T18:06:00","date_gmt":"2026-03-22T17:06:00","guid":{"rendered":"https:\/\/gradski.me\/?p=944803"},"modified":"2026-03-23T07:36:47","modified_gmt":"2026-03-23T06:36:47","slug":"dobro-jutro-podgorice-o-vaznim-ekoloskim-pitanjima-i-novom-zakonu-o-zastiti-potrosaca","status":"publish","type":"post","link":"https:\/\/gradski.me\/en\/podgorica\/dobro-jutro-podgorice-o-vaznim-ekoloskim-pitanjima-i-novom-zakonu-o-zastiti-potrosaca\/","title":{"rendered":"\"Good morning, Podgorica\": On important environmental issues and the new consumer protection law"},"content":{"rendered":"<p><\/p>\n\n\n\n<p>U sklopu prve teme govorimo o va\u017enim ekolo\u0161kim pitanjima i inicijativama koje pokre\u0107u promjene u na\u0161em dru\u0161tvu. Povod za razgovor je aktuelni doga\u0111aj \u201eGreen Sprint\u201c, koji okuplja zajednicu oko zajedni\u010dkog cilja \u2013 \u010di\u0161\u0107e i zdravije okoline. Ne\u0161to vi\u0161e o ovoj temi govori\u0107e na\u0161a go\u0161\u0107a, Jelena Rak\u010devi\u0107 iz organizacije Zeleni Talas.<\/p>\n\n\n\n<p>NVU Montenegro Robotics \u2013 Montenegrobotics iz Podgorice pokre\u0107e inovativni program za mlade od 15 do 18 godina \u0161irom Crne Gore. Uz odobreni grant od 10.000 \u20ac, cilj projekta je osna\u017eivanje mladih kroz edukativne radionice iz robotike, vje\u0161ta\u010dke inteligencije, programiranja i drugih ICT oblasti. O ovoj inicijativi govori\u0107e na\u0161a go\u0161\u0107a ovoga jutra, Vasilisa Potpari\u0107, saradnica u Montenegro Robotics-u.<\/p>\n\n\n\n<p>Stupio je na snagu novi zakon o za\u0161titi potro\u0161a\u010da u Crnoj Gori, koji donosi stro\u017ea pravila za akcije i sni\u017eenja, ve\u0107u za\u0161titu kupaca kod kvarova i nova pravila za online prodaju. Zakon uvodi odgovornost za digitalne proizvode i softver, obavezu jasnog ozna\u010davanja cijena i proizvoda, te pravilo da se najni\u017ea cijena mora prikazati u posljednjih 30 dana. Tako\u0111e, ako se kvar pojavi u roku od godinu dana, pretpostavlja se da je postojao od po\u010detka. O novim pravima i njihovoj primjeni u praksi govori\u0107e Olga Nik\u010devi\u0107, ispred Centra za za\u0161titu potro\u0161a\u010da, i Jovo Rabrenovi\u0107, nacionalni ekspert za za\u0161titu potro\u0161a\u010da iz Instituta ekonomskih nauka.<\/p>\n\n\n\n<p>Za kraj emisije donosimo pri\u010du o feministi\u010dkom festivalu Solidum Vol. III \u2013 prostoru gdje se solidarnost, zajedni\u0161tvo i kreativni otpor susre\u0107u s rado\u0161\u0107u i zabavom. \u0160ta nas o\u010dekuje kroz diskusije, aktivisti\u010dku pijacu i ve\u010dernji drag show? Za\u0161to su ovakvi doga\u0111aji klju\u010dni za dana\u0161nje dru\u0161tvo? O tome \u0107e nam govoriti Marko Vuk\u010devi\u0107 iz NVO Spektra, s kojim \u0107emo razgovarati o programu festivala, va\u017enosti zajednice i poruci da je radost \u2013 revolucija.<\/p>\n\n\n\n<p>The program is hosted by Aleksandra Popovi\u0107, while stories from the field are brought by Nikola Radovi\u0107. Follow \"Good morning, Podgorica\" \u200b\u200band start your day informed, inspired and full of positive energy.<\/p>","protected":false},"excerpt":{"rendered":"<p>In the new edition of the morning program \"Good Morning, Podgorica\", viewers can expect diverse and current content.<\/p>","protected":false},"author":14,"featured_media":944807,"comment_status":"open","ping_status":"open","sticky":false,"template":"","format":"standard","meta":{"_acf_changed":false,"footnotes":"","jetpack_publicize_message":"","jetpack_publicize_feature_enabled":true,"jetpack_social_post_already_shared":false,"jetpack_social_options":{"image_generator_settings":{"template":"highway","default_image_id":0,"font":"","enabled":false},"version":2}},"categories":[6],"tags":[7883,28888,28889],"naslovna":[],"class_list":["post-944803","post","type-post","status-publish","format-standard","has-post-thumbnail","hentry","category-podgorica","tag-dobro-jutro-podgorice","tag-ekoloska-pitanja","tag-zakon-o-zastiti-potrosaca"],"acf":[],"jetpack_publicize_connections":[],"_links":{"self":[{"href":"https:\/\/gradski.me\/en\/wp-json\/wp\/v2\/posts\/944803","targetHints":{"allow":["GET"]}}],"collection":[{"href":"https:\/\/gradski.me\/en\/wp-json\/wp\/v2\/posts"}],"about":[{"href":"https:\/\/gradski.me\/en\/wp-json\/wp\/v2\/types\/post"}],"author":[{"embeddable":true,"href":"https:\/\/gradski.me\/en\/wp-json\/wp\/v2\/users\/14"}],"replies":[{"embeddable":true,"href":"https:\/\/gradski.me\/en\/wp-json\/wp\/v2\/comments?post=944803"}],"version-history":[{"count":1,"href":"https:\/\/gradski.me\/en\/wp-json\/wp\/v2\/posts\/944803\/revisions"}],"predecessor-version":[{"id":944811,"href":"https:\/\/gradski.me\/en\/wp-json\/wp\/v2\/posts\/944803\/revisions\/944811"}],"wp:featuredmedia":[{"embeddable":true,"href":"https:\/\/gradski.me\/en\/wp-json\/wp\/v2\/media\/944807"}],"wp:attachment":[{"href":"https:\/\/gradski.me\/en\/wp-json\/wp\/v2\/media?parent=944803"}],"wp:term":[{"taxonomy":"category","embeddable":true,"href":"https:\/\/gradski.me\/en\/wp-json\/wp\/v2\/categories?post=944803"},{"taxonomy":"post_tag","embeddable":true,"href":"https:\/\/gradski.me\/en\/wp-json\/wp\/v2\/tags?post=944803"},{"taxonomy":"naslovna","embeddable":true,"href":"https:\/\/gradski.me\/en\/wp-json\/wp\/v2\/naslovna?post=944803"}],"curies":[{"name":"wp","href":"https:\/\/api.w.org\/{rel}","templated":true}]}}