{"id":944034,"date":"2026-03-20T19:37:00","date_gmt":"2026-03-20T18:37:00","guid":{"rendered":"https:\/\/gradski.me\/?p=944034"},"modified":"2026-03-20T19:05:22","modified_gmt":"2026-03-20T18:05:22","slug":"scepanovic-u-litvaniji-jacanje-policijske-saradnje-i-podrska-reformama-u-fokusu","status":"publish","type":"post","link":"https:\/\/gradski.me\/en\/drustvo\/scepanovic-u-litvaniji-jacanje-policijske-saradnje-i-podrska-reformama-u-fokusu\/","title":{"rendered":"\u0160\u0107epanovi\u0107 in Lithuania: Strengthening police cooperation and support for reforms in focus"},"content":{"rendered":"<p><\/p>\n\n\n\n<p>At the invitation of the Ministry of Internal Affairs and Police of the Republic of Lithuania, Director Lazar \u0160\u0107epanovi\u0107 led a delegation of the Police Directorate during its first official visit to the Republic of Lithuania.<\/p>\n\n\n\n<p>\"On that occasion, Director \u0160\u0107epanovi\u0107, Assistant Director for the Border Police Sector Dejan Boji\u0107 and associates met with the Minister of Internal Affairs of the Republic of Lithuania Vladislavs Kondratovi\u010ds and the Director General of the Police Arunas Paulauskas, with their associates,\" the statement said.<\/p>\n\n\n\n<p>During the two-day visit, they discussed improving cooperation in the field of security, with a particular focus on strengthening institutional capacities, modernizing police structures, and implementing reforms in line with European standards.<\/p>\n\n\n\n<p>\"The meetings discussed high-level security threats, with particular emphasis on the fight against organized crime, hybrid threats, human trafficking, illegal migration, as well as strengthening security at state borders within the European Union and police reform. It was noted that the law enforcement authorities of Lithuania provide strong support to the Police Administration of Montenegro on the path of reform, strengthening the rule of law, fighting all forms of crime, as well as strengthening resilience to security challenges and hybrid threats,\" the statement added.<\/p>\n\n\n\n<p>Special emphasis was placed on the exchange of experiences and best practices, as they say, as well as on the establishment and development of bilateral cooperation between the two police organizations.<\/p>\n\n\n\n<p>\"Models for the exchange of information and best practices in the field of state border security, using modern equipment, as well as in the field of cybersecurity and improving analytical capacities, have been defined. Additionally, the exchange of police officers from certain organizational units has been agreed. In this context, the first concrete steps have been agreed that will contribute to the intensification of joint activities in the coming period,\" the statement said.<\/p>\n\n\n\n<p>During their visit to Lithuania, \u0160\u0107epanovi\u0107 and Boji\u0107, together with their associates, met with senior representatives of the Border Service of that country, and on that occasion they also visited part of the external border of the European Union.<\/p>\n\n\n\n<p>\"This visit represents a significant step towards deepening cooperation with partner services of the Republic of Lithuania and further strengthening reform processes in the field of security, including border security,\" the Police Directorate concluded in a statement.<\/p>\n\n\n\n<figure class=\"wp-block-image size-large\"><img fetchpriority=\"high\" decoding=\"async\" width=\"768\" height=\"1024\" src=\"https:\/\/gradski.me\/wp-content\/uploads\/2026\/03\/4ec96518-7ba6-40d0-8ab9-2c230cbccd06-768x1024.webp\" alt=\"\" class=\"wp-image-944035\" title=\"\" srcset=\"https:\/\/gradski.me\/wp-content\/uploads\/2026\/03\/4ec96518-7ba6-40d0-8ab9-2c230cbccd06-768x1024.webp 768w, https:\/\/gradski.me\/wp-content\/uploads\/2026\/03\/4ec96518-7ba6-40d0-8ab9-2c230cbccd06-225x300.webp 225w, https:\/\/gradski.me\/wp-content\/uploads\/2026\/03\/4ec96518-7ba6-40d0-8ab9-2c230cbccd06-9x12.webp 9w, https:\/\/gradski.me\/wp-content\/uploads\/2026\/03\/4ec96518-7ba6-40d0-8ab9-2c230cbccd06.webp 960w\" sizes=\"(max-width: 768px) 100vw, 768px\" \/><\/figure>\n\n\n\n<p>Photo: UP<\/p>","protected":false},"excerpt":{"rendered":"<p>A delegation of the Police Directorate, led by Director Lazar \u0160\u0107epanovi\u0107, paid an official visit to Lithuania, where they discussed with top security officials improving cooperation, reforms, and strengthening the fight against modern security threats.<\/p>","protected":false},"author":19,"featured_media":944038,"comment_status":"open","ping_status":"open","sticky":false,"template":"","format":"standard","meta":{"_acf_changed":false,"footnotes":"","jetpack_publicize_message":"","jetpack_publicize_feature_enabled":true,"jetpack_social_post_already_shared":true,"jetpack_social_options":{"image_generator_settings":{"template":"highway","default_image_id":0,"font":"","enabled":false},"version":2}},"categories":[9],"tags":[490,950],"naslovna":[],"class_list":["post-944034","post","type-post","status-publish","format-standard","has-post-thumbnail","hentry","category-drustvo","tag-lazar-scepanovic","tag-litvanija"],"acf":[],"jetpack_publicize_connections":[],"_links":{"self":[{"href":"https:\/\/gradski.me\/en\/wp-json\/wp\/v2\/posts\/944034","targetHints":{"allow":["GET"]}}],"collection":[{"href":"https:\/\/gradski.me\/en\/wp-json\/wp\/v2\/posts"}],"about":[{"href":"https:\/\/gradski.me\/en\/wp-json\/wp\/v2\/types\/post"}],"author":[{"embeddable":true,"href":"https:\/\/gradski.me\/en\/wp-json\/wp\/v2\/users\/19"}],"replies":[{"embeddable":true,"href":"https:\/\/gradski.me\/en\/wp-json\/wp\/v2\/comments?post=944034"}],"version-history":[{"count":1,"href":"https:\/\/gradski.me\/en\/wp-json\/wp\/v2\/posts\/944034\/revisions"}],"predecessor-version":[{"id":944039,"href":"https:\/\/gradski.me\/en\/wp-json\/wp\/v2\/posts\/944034\/revisions\/944039"}],"wp:featuredmedia":[{"embeddable":true,"href":"https:\/\/gradski.me\/en\/wp-json\/wp\/v2\/media\/944038"}],"wp:attachment":[{"href":"https:\/\/gradski.me\/en\/wp-json\/wp\/v2\/media?parent=944034"}],"wp:term":[{"taxonomy":"category","embeddable":true,"href":"https:\/\/gradski.me\/en\/wp-json\/wp\/v2\/categories?post=944034"},{"taxonomy":"post_tag","embeddable":true,"href":"https:\/\/gradski.me\/en\/wp-json\/wp\/v2\/tags?post=944034"},{"taxonomy":"naslovna","embeddable":true,"href":"https:\/\/gradski.me\/en\/wp-json\/wp\/v2\/naslovna?post=944034"}],"curies":[{"name":"wp","href":"https:\/\/api.w.org\/{rel}","templated":true}]}}