{"id":943897,"date":"2026-03-20T14:38:45","date_gmt":"2026-03-20T13:38:45","guid":{"rendered":"https:\/\/gradski.me\/?p=943897"},"modified":"2026-04-07T13:26:16","modified_gmt":"2026-04-07T11:26:16","slug":"prihvaceno-jemstvo-za-pustanje-na-slobodu-aca-djukanovica","status":"publish","type":"post","link":"https:\/\/gradski.me\/en\/hronika\/prihvaceno-jemstvo-za-pustanje-na-slobodu-aca-djukanovica\/","title":{"rendered":"Bail accepted for Aco \u0110ukanovi\u0107's release"},"content":{"rendered":"<p><\/p>\n\n\n\n<p><\/p>\n\n\n\n<p>Njegov branilac rekao je da je rije\u010d o neprimjereno visokom iznosu jemstva u odnosu na vrstu i te\u017einu krivi\u010dnog djela kao i praksu za ovakva krivi\u010dna djela.<\/p>\n\n\n\n<p>&#8222;Odre\u0111ene su mjere nadzora i to zabrana napu\u0161tanja boravi\u0161ta ioduzimanje iosprave, koje su isto neprimjerene budu\u0107i na visinu jemstva koje je dato&#8220;, istakao je branilac,<\/p>\n\n\n\n<p>Dok rje\u0161enje o jemstvu ne bude pravosna\u017eno \u0110ukanovi\u0107 ostaje u pritvoru.<\/p>\n\n\n\n<p>Sudija Osnovnog suda u Nik\u0161i\u0107u&nbsp;<strong>Sava Musikic<\/strong>&nbsp;donio je odluku o prihvatanju jemstva za Aca \u0110ukanovi\u0107a, saop\u0161teno je iz tog suda.<\/p>\n\n\n\n<p>\u201cRje\u0161enjem sudije za istragu, donijetim 20. marta 2026. godine, odre\u0111eno je da se jemstvo sastoji od gotovine u iznosu od milion eura, kao i nepokretnosti \u010dija je ukupna procijenjena vrijednost 4.012.000 eura. Time su ispunjeni uslovi da se okrivljeni brani sa slobode, uz istovremeno izricanje mjera nadzora\u201d, naveli su iz Osnovnog suda u Nik\u0161i\u0107u.<\/p>\n\n\n\n<p>Sud je \u0110ukanovi\u0107u izrekao zabranu napu\u0161tanja stana na teritoriji op\u0161tine Nik\u0161i\u0107, kao i mjeru privremenog oduzimanja putne isprave, odnosno paso\u0161a.<\/p>\n\n\n\n<p>\u201cOve mjere imaju za cilj da obezbijede prisustvo okrivljenog u daljem toku postupka. Rje\u0161enje \u0107e postati izvr\u0161no nakon \u0161to postane pravosna\u017eno. Protiv ove odluke dozvoljena je \u017ealba u roku od tri dana od njenog uru\u010denja, o kojoj \u0107e odlu\u010divati vanraspravno krivi\u010dno vije\u0107e nadle\u017enog suda\u201d, istakli su iz Suda.<\/p>\n\n\n\n<p>Aco \u0110ukanovi\u0107 je uhap\u0161en 28. februara nakon pretresa porodi\u010dne ku\u0107e u nik\u0161i\u0107kom naselju Rastoci. Tada mu je odre\u0111en pritvor zbog opasnosti od bjekstva.<\/p>\n\n\n\n<p><\/p>","protected":false},"excerpt":{"rendered":"<p>Sud u Nik\u0161i\u0107u prihvatio je predlog odbrane za pu\u0161tanje na slobodu biznismena Aca \u0110ukanovi\u0107a uz jemstvo od pet miliona eura.<\/p>","protected":false},"author":7,"featured_media":911569,"comment_status":"open","ping_status":"open","sticky":false,"template":"","format":"standard","meta":{"_acf_changed":false,"footnotes":"","jetpack_publicize_message":"","jetpack_publicize_feature_enabled":true,"jetpack_social_post_already_shared":true,"jetpack_social_options":{"image_generator_settings":{"template":"highway","default_image_id":0,"font":"","enabled":false},"version":2}},"categories":[10],"tags":[28712,11982],"naslovna":[],"class_list":["post-943897","post","type-post","status-publish","format-standard","has-post-thumbnail","hentry","category-hronika","tag-aco-djukaknovic","tag-jemstvo"],"acf":[],"jetpack_publicize_connections":[],"_links":{"self":[{"href":"https:\/\/gradski.me\/en\/wp-json\/wp\/v2\/posts\/943897","targetHints":{"allow":["GET"]}}],"collection":[{"href":"https:\/\/gradski.me\/en\/wp-json\/wp\/v2\/posts"}],"about":[{"href":"https:\/\/gradski.me\/en\/wp-json\/wp\/v2\/types\/post"}],"author":[{"embeddable":true,"href":"https:\/\/gradski.me\/en\/wp-json\/wp\/v2\/users\/7"}],"replies":[{"embeddable":true,"href":"https:\/\/gradski.me\/en\/wp-json\/wp\/v2\/comments?post=943897"}],"version-history":[{"count":2,"href":"https:\/\/gradski.me\/en\/wp-json\/wp\/v2\/posts\/943897\/revisions"}],"predecessor-version":[{"id":943900,"href":"https:\/\/gradski.me\/en\/wp-json\/wp\/v2\/posts\/943897\/revisions\/943900"}],"wp:featuredmedia":[{"embeddable":true,"href":"https:\/\/gradski.me\/en\/wp-json\/wp\/v2\/media\/911569"}],"wp:attachment":[{"href":"https:\/\/gradski.me\/en\/wp-json\/wp\/v2\/media?parent=943897"}],"wp:term":[{"taxonomy":"category","embeddable":true,"href":"https:\/\/gradski.me\/en\/wp-json\/wp\/v2\/categories?post=943897"},{"taxonomy":"post_tag","embeddable":true,"href":"https:\/\/gradski.me\/en\/wp-json\/wp\/v2\/tags?post=943897"},{"taxonomy":"naslovna","embeddable":true,"href":"https:\/\/gradski.me\/en\/wp-json\/wp\/v2\/naslovna?post=943897"}],"curies":[{"name":"wp","href":"https:\/\/api.w.org\/{rel}","templated":true}]}}