{"id":942910,"date":"2026-03-19T08:24:00","date_gmt":"2026-03-19T07:24:00","guid":{"rendered":"https:\/\/gradski.me\/?p=942910"},"modified":"2026-03-19T12:19:01","modified_gmt":"2026-03-19T11:19:01","slug":"culafic-suma-u-prokletijama-se-obnavlja-prirodno-sporna-procjena-stete-i-sanitarna-sjeca","status":"publish","type":"post","link":"https:\/\/gradski.me\/en\/drustvo\/culafic-suma-u-prokletijama-se-obnavlja-prirodno-sporna-procjena-stete-i-sanitarna-sjeca\/","title":{"rendered":"\u0106ulafi\u0107: The forest in Prokletije is regenerating naturally, damage assessment and sanitary logging are controversial"},"content":{"rendered":"<p><\/p>\n\n\n\n<p>Plavska policija podnijela je nedavno krivi\u010dne prijave protiv aktuelnog direktora Agencije za za\u0161titu \u017eivotne sredine Milana Gazdi\u0107a, aktuelne direktorice Javnog preduze\u0107a za nacionalne parkove Crne Gore (JPNPCG) Marinele \u0110ureti\u0107 i dvojice biv\u0161ih direktora JPNPCG Vladimira Martinovi\u0107a i Aleksandra Bulatovi\u0107a zbog sumnje na uni\u0161tenje \u017eivotne sredine i pri\u010dinjenu materijalnu \u0161tetu od preko pet miliona eura.<\/p>\n\n\n\n<p>\u0106ulafi\u0107 je kazao da je Agencija zauzela stav da je bilo potrebno pustiti da se \u0161uma sama obnovi u prirodnom procesu.<\/p>\n\n\n\n<p>&#8222;Ona se stvarno sama obnavlja i prirodni je to proces, zamijeni\u0107e se nova stabla, a imamo i feromonske klopke koje su neophodne da bi se uni\u0161tio potkornjak, tako da je to sada uspje\u0161no uklonjeno, uni\u0161tena stabla \u0107e se zamijeniti novim. Kako je mogao inspektor da naredi da se sanitarna sje\u010da uradi, a i kako je ona procijenjena na pet miliona eura i kako je zahva\u0107eno 120.000 stabala to su neka od pitanja na koja treba tra\u017eiti odgovor&#8220;, rekao je \u0106ulafi\u0107.<\/p>\n\n\n\n<p>Kako je rekao ako se ovako ra\u010duna, onda se dolazi do toga da kubik drvne gra\u0111e vrijedi 18 ili 20 eura, a on se prodaje od 200 pa i do 250 eura.<\/p>\n\n\n\n<p>&#8222;Ko ra\u010duna onda na tu razliku? To je zna\u010dajno pitanje. Niko pa ni Uprava policije, odnosno policija u Plavu, ne bave se uzrokom pojave tog potkornjaka na tom podru\u010dju ve\u0107 se bave posljedicama. Ne bavimo se pitanjem kako se potkornjak uop\u0161te pojavio. On se ne mo\u017ee javiti tamo gdje je zdravo drvo. Ovo jeste zna\u010dajno, a tema je mnogo \u0161ira i mo\u017ee da uka\u017ee na smjerove gdje da se kre\u0107emo u borbi protiv organizovanog kriminala&#8220;, istakao je \u0106ulafi\u0107.<\/p>\n\n\n\n<p>Na pitanje koje se odnosi na uklanjanje nelegalnih objekata iz podru\u010dja nacionalnih parkova i kakvi su rezultati po tom pitanju, on je kazao da je to dio \u0161ireg politi\u010dkog diskursa jer se u resoru kojim rukovodi bave protiv ekolo\u0161kog kriminala.<\/p>\n\n\n\n<p>&#8222;Ekolo\u0161ka inspekcija je u saradnji sa Agencijom uklonila 40 nelegalnih objekata i pokazujemo sve ve\u0107u snagu i odlu\u010dnost da se izborimo sa ovim problemom. Imamo konkretne akcije i to je poruka svima da ne mogu ostati nelegalni objekti u okviru nacionalnih parkova u na\u0161oj dr\u017eavi&#8220;, rekao je on.<\/p>\n\n\n\n<p>\u0106ulafi\u0107 je govore\u0107i o zatvaranju poglavlja na putu ka Evropskoj uniji rekao da smo ostvarili dobar rezultat jer smo zatvorili 14 poglavlja.<\/p>\n\n\n\n<p>&#8222;Procesi su se ubrzali i efikasniji smo nego \u0161to je to bio slu\u010daj u ranijim godinama&#8220;, istakao je \u0106ulafi\u0107.<\/p>\n\n\n\n<p>On je rekao da samo Poglavlje 27 ko\u0161ta izme\u0111u tri i po i \u010detiri milijarde eura.<\/p>\n\n\n\n<p>&#8222;Ulo\u017eili smo izradu preciznije studije, profesori univerziteta \u0107e je raditi i iza\u0107i \u0107emo u javnost sa konkretnijim podatkom. Za neutralnost oko zaga\u0111enja vazduha potrebno je iznad 900 miliona, za otpadne vode i postrojenja 800 miliona, za upravljanje otpadom 400 miliona i tako nam treba puno novca, ali imamo pomo\u0107 od me\u0111unarodnih partnera&#8220;, istakao je \u0106ulafi\u0107 tokom emisije.<\/p>\n\n\n\n<p>Komentari\u0161u\u0107i planiranu izgradnju hidroelektrane na Komarnici ili u njenoj blizini, ministar ekologije, odr\u017eivog razvoja i razvoja sjevera je poru\u010dio da se protivi toj ideji.<\/p>\n\n\n\n<p>&#8222;Komarnica mora da ostane za\u0161ti\u0107ena i u tom dijelu nijesam spreman ni na kakvu vrstu ustupaka&#8220;, poru\u010dio je ministar \u0106ulafi\u0107.<\/p>\n\n\n\n<p>Na pitanje studenta da li smatra da se hidroelektrana ne\u0107e graditi, kazao je da je on samo jedan \u010dlan Vlade i da nije siguran kako \u0107e se situacija dalje razvijati.<\/p>\n\n\n\n<p>&#8222;Ali znam da \u0107u sigurno javno di\u0107i glas protiv uni\u0161tavanja takvog bisera&#8220;, istakao je \u0106ulafi\u0107.<\/p>","protected":false},"excerpt":{"rendered":"<p>Problem potkornjaka u Nacionalnom parku Prokletije otvorio je pitanja uzroka njegovog pojavljivanja, na\u010dina sanacije i procjene \u0161tete, a pitanje je kako je inspektor mogao da naredi da se uradi sanitarna sje\u010da te kako je \u0161teta procijenjena na pet miliona eura, rekao je u emisiji \u201cBudimo budni &#8211; pitajte Vladu\u201d na Televiziji Crne Gore ministar ekologije, odr\u017eivog razvoja i razvoja sjevera, Damjan \u0106ulafi\u0107.<\/p>","protected":false},"author":14,"featured_media":942911,"comment_status":"open","ping_status":"open","sticky":false,"template":"","format":"standard","meta":{"_acf_changed":false,"footnotes":"","jetpack_publicize_message":"","jetpack_publicize_feature_enabled":true,"jetpack_social_post_already_shared":true,"jetpack_social_options":{"image_generator_settings":{"template":"highway","default_image_id":0,"font":"","enabled":false},"version":2}},"categories":[9],"tags":[177,28604,1397,28605,2953],"naslovna":[],"class_list":["post-942910","post","type-post","status-publish","format-standard","has-post-thumbnail","hentry","category-drustvo","tag-damjan-culafic-2","tag-procjena-stete","tag-prokletije","tag-sanitarna-sjeca","tag-suma"],"acf":[],"jetpack_publicize_connections":[],"_links":{"self":[{"href":"https:\/\/gradski.me\/en\/wp-json\/wp\/v2\/posts\/942910","targetHints":{"allow":["GET"]}}],"collection":[{"href":"https:\/\/gradski.me\/en\/wp-json\/wp\/v2\/posts"}],"about":[{"href":"https:\/\/gradski.me\/en\/wp-json\/wp\/v2\/types\/post"}],"author":[{"embeddable":true,"href":"https:\/\/gradski.me\/en\/wp-json\/wp\/v2\/users\/14"}],"replies":[{"embeddable":true,"href":"https:\/\/gradski.me\/en\/wp-json\/wp\/v2\/comments?post=942910"}],"version-history":[{"count":1,"href":"https:\/\/gradski.me\/en\/wp-json\/wp\/v2\/posts\/942910\/revisions"}],"predecessor-version":[{"id":942912,"href":"https:\/\/gradski.me\/en\/wp-json\/wp\/v2\/posts\/942910\/revisions\/942912"}],"wp:featuredmedia":[{"embeddable":true,"href":"https:\/\/gradski.me\/en\/wp-json\/wp\/v2\/media\/942911"}],"wp:attachment":[{"href":"https:\/\/gradski.me\/en\/wp-json\/wp\/v2\/media?parent=942910"}],"wp:term":[{"taxonomy":"category","embeddable":true,"href":"https:\/\/gradski.me\/en\/wp-json\/wp\/v2\/categories?post=942910"},{"taxonomy":"post_tag","embeddable":true,"href":"https:\/\/gradski.me\/en\/wp-json\/wp\/v2\/tags?post=942910"},{"taxonomy":"naslovna","embeddable":true,"href":"https:\/\/gradski.me\/en\/wp-json\/wp\/v2\/naslovna?post=942910"}],"curies":[{"name":"wp","href":"https:\/\/api.w.org\/{rel}","templated":true}]}}