{"id":942531,"date":"2026-03-18T16:32:00","date_gmt":"2026-03-18T15:32:00","guid":{"rendered":"https:\/\/gradski.me\/?p=942531"},"modified":"2026-03-18T16:11:15","modified_gmt":"2026-03-18T15:11:15","slug":"cnp-premijerno-izvedena-inkluzivna-predstava-fleka","status":"publish","type":"post","link":"https:\/\/gradski.me\/en\/kultura\/cnp-premijerno-izvedena-inkluzivna-predstava-fleka\/","title":{"rendered":"CNP: Premiere of the inclusive play \"Fleka\""},"content":{"rendered":"<p><\/p>\n\n\n\n<p>Inkluzivna predstava \u201eFleka\u201c, po motivima teksta&nbsp;<strong>Aleksandre Vujisi\u0107<\/strong>, u re\u017eiji&nbsp;<strong>Branke Ota\u0161evi\u0107,<\/strong>&nbsp;premijerno je izvedena sino\u0107 na Sceni Studio Crnogorskog narodnog pozori\u0161ta. Time je otvoren prostor za sna\u017enije promi\u0161ljanje inkluzije i napravljen jo\u0161 jedan va\u017ean korak ka vidljivijem i ravnopravnijem u\u010de\u0161\u0107u razli\u010ditosti u umjetnosti.<\/p>\n\n\n\n<p>\u201eFleka\u201c je savremena pozori\u0161na pri\u010da koja kroz upe\u010datljiv vizuelni izraz, pokret i muziku problematizuje teme razli\u010ditosti, pripadanja i vr\u0161nja\u010dkog pritiska. U fokusu radnje je djevoj\u010dica suo\u010dena s etiketiranjem i isklju\u010divanjem, dok zajednica koja je okru\u017euje postaje refleksija na\u0161ih kolektivnih stavova i predrasuda. Predstava ne name\u0107e zaklju\u010dke, ve\u0107 podsti\u010de publiku na li\u010dno preispitivanje i razvijanje empatije.<\/p>\n\n\n\n<p>Poseban kvalitet projekta ogleda se u autenti\u010dnoj inkluzivnoj postavci \u2013 u predstavi igraju slabovide djevoj\u010dice&nbsp;<strong>Sofija Ivanovi\u0107<\/strong>&nbsp;i&nbsp;<strong>Katarina Cerovi\u0107<\/strong>, zajedno sa profesionalnim glumcima&nbsp;<strong>Jelenom Mini\u0107, Brankom Ota\u0161evi\u0107, Aleksandrom Radulovi\u0107em<\/strong>&nbsp;i u\u010denikom&nbsp;<strong>Nikolom Jovi\u0107evi\u0107em<\/strong>, \u010dime iskustvo razli\u010ditosti postaje integralni dio umjetni\u010dkog izraza.<\/p>\n\n\n\n<p>Glumica i rediteljka predstave<strong>&nbsp;Branka Ota\u0161evi\u0107<\/strong>&nbsp;je zahvalila autorskom timu i svim glumcima, a posebno nacionalnom teatru na ukazanom povjerenju i \u010dasti.<\/p>\n\n\n\n<p>\u201eSvi mi nosimo svoje fleke. Neke bole, neke mole, neke sijaju. Problem na\u0161eg dru\u0161tva je to \u0161to se one fleke i invaliditet koje nosimo iznutra ne vide i onda dajemo sebi za pravo da kao dru\u0161tvo uperimo prstom u one \u010diji se invaliditet vidi. U ovoj predstavi jedino sunce i jedina ispravna karika su zapravo oni ljudi \u010diji se invaliditet vidi. Ova predstava treba da nas zamisli i zapita \u2013 ko je fleka ovog dru\u0161tva? Ko su ranjive grupe? Kako to nasilnici djeluju na one koji su slabiji od njih i za\u0161to se nasilnik na takve okomi. Predstava koja se bavi isklju\u010divo istinom. Zbog toga se i ja bavim re\u017eijom. Ovo nije re\u017eija, ovo je samo slaganje slika iz \u017eivota koje su na\u017ealost jo\u0161 gore. Mislim da nijesmo svjesni gdje \u017eivimo, ko nas okru\u017euje i ne \u010dujemo te fleke, ne \u010dujemo vapaje ljudi zato \u0161to ne znamo \u0161ta nose ti\u0161ine i \u0161ta se de\u0161ava u tim kockama\u201c, kazala je Ota\u0161evi\u0107.<\/p>\n\n\n\n<figure class=\"wp-block-image\" id=\"attachment_2577171\"><img decoding=\"async\" src=\"https:\/\/www.cdm.me\/wp-content\/uploads\/2026\/03\/FME-37.jpg\" alt=\"\" class=\"wp-image-2577171\" title=\"\"><figcaption class=\"wp-element-caption\">Photo: CNP<\/figcaption><\/figure>\n\n\n\n<p>Slabovida djevoj\u010dica&nbsp;<strong>Sofija Ivanovi\u0107<\/strong>&nbsp;je istakla da je rad na ovoj predstavi za nju bio dragocjeno iskustvo.<\/p>\n\n\n\n<p>\u201eKroz ovaj proces sam na bolji na\u010din mogla da osjetim \u0161ta sve podrazumijeva gluma\u010dki poziv, koliko je u jednu predstavu potrebno ulo\u017eiti emocija, truda, koncentracije i koliko je zapravo potrebno slu\u0161ati svaki postupak \u2013 bio to pokret, rije\u010d ili ne\u0161to drugo. Sude\u0107i po reakcijama publike, mogu re\u0107i da sam zaista zadovoljna. Li\u010dno smatram da je zna\u010daj ove predstave za dru\u0161tvo neprocjenjiv. Ovo je vapaj svih ranjivih kategorija za pomo\u0107i od strane sistema koji konstantno ignori\u0161e mnoge probleme. Stvari se guraju pod tepih i pri tom zata\u0161kavanju i skrivanju realnih stvari u dru\u0161tvu,&nbsp; umjetnost je tu da oplemeni i podsjeti ljude na ono \u0161to bi trebalo da bude njihov zadatak\u201c, zaklju\u010dila je Ivanovi\u0107.<\/p>\n\n\n\n<p>Za u\u010denika&nbsp;<strong>Nikolu Jovi\u0107evi\u0107a<\/strong>&nbsp;ova predstava je novo i veliko iskustvo.<\/p>\n\n\n\n<p>\u201eSmatram da ima veliki zna\u010daj, ne samo za mene, ve\u0107 i za dru\u0161tvo u cjelini. Ona \u0161alje veliku poruku, jer pokazuje pravu istinu o dru\u0161tvu. \u0160to se ti\u010de rada na predstavi, veliko mi je zadovoljstvo dijeliti scenu sa glumcima CNP-a od kojih sam mnogo nau\u010dio. Meni je bilo jako te\u0161ko u\u0107i u lik, jer je taj dje\u010dak fleka ovog dru\u0161tva, ali uz Brankinu pomo\u0107 i pomo\u0107 svih ostalih sam u tome uspio\u201c, kazao je Jovi\u0107evi\u0107.<\/p>\n\n\n\n<p>Autorski tim \u010dine kompozitorka&nbsp;<strong>Irena Popovi\u0107-Dragovi\u0107<\/strong>, autorka scenskog pokreta&nbsp;<strong>Julija Mila\u010di\u0107 Petrovi\u0107-Njego\u0161<\/strong>, video umjetnik&nbsp;<strong>Matej Kre\u017ee<\/strong>&nbsp;i izvr\u0161na producentkinja&nbsp;<strong>Klara Radonji\u0107<\/strong>. U video segmentima u\u010destvuju u\u010denici&nbsp;<strong>Lora Vuk\u010devi\u0107<\/strong>,<strong>&nbsp;Maksim Ve\u0161kovi\u0107<\/strong>,<strong>&nbsp;Simeun Bara\u0161in&nbsp;<\/strong>i<strong>&nbsp;Relja Markovi\u0107.<\/strong><\/p>\n\n\n\n<p>Predstava je nastala u produkciji organizacije Modesty MK, uz podr\u0161ku Crnogorskog narodnog pozori\u0161ta.<\/p>\n\n\n\n<p>Publika se o aktivnostima CNP-a mo\u017ee informisati putem veb-sajta&nbsp;<a href=\"http:\/\/www.cnp.me\/\" target=\"_blank\" rel=\"noreferrer noopener\">www.cnp.me<\/a>, na biletarnici, dru\u0161tvenim mre\u017eama&nbsp;<a href=\"https:\/\/www.facebook.com\/cnpozoriste\/\" target=\"_blank\" rel=\"noreferrer noopener\">Facebook<\/a>&nbsp;i&nbsp;<a href=\"https:\/\/www.instagram.com\/crnogorskonarodnopozoriste\/\" target=\"_blank\" rel=\"noreferrer noopener\">Instagram<\/a>, as well as&nbsp;<a href=\"https:\/\/invite.viber.com\/?g2=AQAfeNNA4uCCT1J%2FuHJUWFtvRXmDEDrSzRzger6PpDJ8xOB%2B25TDyXmAZeMwndZq\" target=\"_blank\" rel=\"noreferrer noopener\">Viber kanalu.<\/a><\/p>","protected":false},"excerpt":{"rendered":"<p>Inkluzivna predstava \u201eFleka\u201c, po motivima teksta&nbsp;Aleksandre Vujisi\u0107, u re\u017eiji&nbsp;Branke Ota\u0161evi\u0107,&nbsp;premijerno je izvedena sino\u0107 na Sceni Studio Crnogorskog narodnog pozori\u0161ta. Time je otvoren prostor za sna\u017enije promi\u0161ljanje inkluzije i napravljen jo\u0161 jedan va\u017ean korak ka vidljivijem i ravnopravnijem u\u010de\u0161\u0107u razli\u010ditosti u umjetnosti. \u201eFleka\u201c je savremena pozori\u0161na pri\u010da koja kroz upe\u010datljiv vizuelni izraz, pokret i muziku problematizuje [&hellip;]<\/p>\n","protected":false},"author":7,"featured_media":942532,"comment_status":"open","ping_status":"open","sticky":false,"template":"","format":"standard","meta":{"_acf_changed":false,"footnotes":"","jetpack_publicize_message":"","jetpack_publicize_feature_enabled":true,"jetpack_social_post_already_shared":true,"jetpack_social_options":{"image_generator_settings":{"template":"highway","default_image_id":0,"font":"","enabled":false},"version":2}},"categories":[11],"tags":[1036,28540,2249],"naslovna":[],"class_list":["post-942531","post","type-post","status-publish","format-standard","has-post-thumbnail","hentry","category-kultura","tag-cnp","tag-gleka","tag-predstava"],"acf":[],"jetpack_publicize_connections":[],"_links":{"self":[{"href":"https:\/\/gradski.me\/en\/wp-json\/wp\/v2\/posts\/942531","targetHints":{"allow":["GET"]}}],"collection":[{"href":"https:\/\/gradski.me\/en\/wp-json\/wp\/v2\/posts"}],"about":[{"href":"https:\/\/gradski.me\/en\/wp-json\/wp\/v2\/types\/post"}],"author":[{"embeddable":true,"href":"https:\/\/gradski.me\/en\/wp-json\/wp\/v2\/users\/7"}],"replies":[{"embeddable":true,"href":"https:\/\/gradski.me\/en\/wp-json\/wp\/v2\/comments?post=942531"}],"version-history":[{"count":1,"href":"https:\/\/gradski.me\/en\/wp-json\/wp\/v2\/posts\/942531\/revisions"}],"predecessor-version":[{"id":942533,"href":"https:\/\/gradski.me\/en\/wp-json\/wp\/v2\/posts\/942531\/revisions\/942533"}],"wp:featuredmedia":[{"embeddable":true,"href":"https:\/\/gradski.me\/en\/wp-json\/wp\/v2\/media\/942532"}],"wp:attachment":[{"href":"https:\/\/gradski.me\/en\/wp-json\/wp\/v2\/media?parent=942531"}],"wp:term":[{"taxonomy":"category","embeddable":true,"href":"https:\/\/gradski.me\/en\/wp-json\/wp\/v2\/categories?post=942531"},{"taxonomy":"post_tag","embeddable":true,"href":"https:\/\/gradski.me\/en\/wp-json\/wp\/v2\/tags?post=942531"},{"taxonomy":"naslovna","embeddable":true,"href":"https:\/\/gradski.me\/en\/wp-json\/wp\/v2\/naslovna?post=942531"}],"curies":[{"name":"wp","href":"https:\/\/api.w.org\/{rel}","templated":true}]}}