{"id":942232,"date":"2026-03-17T22:00:00","date_gmt":"2026-03-17T21:00:00","guid":{"rendered":"https:\/\/gradski.me\/?p=942232"},"modified":"2026-03-18T07:16:36","modified_gmt":"2026-03-18T06:16:36","slug":"brajan-adams-prvi-put-u-crnoj-gori-spektakl-na-kanli-kuli-u-herceg-novom","status":"publish","type":"post","link":"https:\/\/gradski.me\/en\/kultura\/brajan-adams-prvi-put-u-crnoj-gori-spektakl-na-kanli-kuli-u-herceg-novom\/","title":{"rendered":"Bryan Adams for the first time in Montenegro: a spectacle at Kanli Tower in Herceg Novi"},"content":{"rendered":"<p><\/p>\n\n\n\n<p>Brajan Adams, dobitnik Gremija, jedne od najpresti\u017enijih nagrada u svijetu muzike, nagrade American Music Awards i vi\u0161e najzna\u010dajnijih kanadskih priznanja, sinonim je za muzi\u010dku strast i neprevazi\u0111ene nastupe u\u017eivo. Prodao je vi\u0161e od 100 miliona plo\u010da, odr\u017eao stotine koncerata \u0161irom svijeta, a vi\u0161e puta je nominovan za Oskara i Zlatni globus za filmsku muziku. Uvr\u0161ten je u Canadian Music Hall of Fame i Canada\u2019s Walk of Fame.<\/p>\n\n\n\n<p>Turneja \u201eBare Bones Show\u201c, inspirisana kultnim akusti\u010dnim albumom iz 2010. godine, Adamsa prikazuje u najiskrenijem svjetlu: pjesme su svedene na samu su\u0161tinu \u2013 glas i gitaru \u2013 pru\u017eaju\u0107i publici jedinstvenu priliku da osjeti \u010distu emociju njegovih pjesama. Njegovi koncerti, me\u0111u kojima i oni u Beogradu, uvijek su me\u0111u najposje\u0107enijim nastupima, privla\u010de\u0107i na desetine hiljada po\u0161tovalaca njegove muzike. Ostaju upam\u0107eni po sna\u017enoj energiji, neposrednom kontaktu sa publikom i atmosferi muzi\u010dkog spektakla uz hitove poput Summer of \u201969, Heaven i (Everything I Do) i Do It for You.<\/p>\n\n\n\n<p>Herceg Novi jo\u0161 jednom staje rame uz rame sa svjetskim centrima kulture i zabave otvaraju\u0107i svoje scene za najve\u0107a umjetni\u010dka imena. Time potvr\u0111uje i status popularne svjetske turisti\u010dke destinacije u kojoj posjetioce tokom cijele godine o\u010dekuje raznovrstan i bogat program.<\/p>\n\n\n\n<p>Ograni\u010den broj mjesta, poseban ambijent drevne tvr\u0111ave okrenute moru, muzika u njenoj naj\u010distijoj formi i Herceg Novi kao grad koji \u0107e postati dio pri\u010de o muzi\u010dkoj legendi \u2013 Brajanu Adamsu.<\/p>\n\n\n\n<p>Ulaznice za koncert su u prodaji od 20. marta 2026. putem prodajnih mre\u017ea Herceg Festa i Tickets.rs, informacije i rezervacije: office@gaf.rs.<\/p>","protected":false},"excerpt":{"rendered":"<p>Legenda svjetske muzi\u010dke scene, Brajan Adams, prvi je gost jubilarnog 20. Guitar Art Summer Fest-a u Herceg Novom. Publika \u0107e imati ekskluzivnu priliku da prisustvuje prvom Adamsovom koncertu na otvorenoj sceni, 26. juna 2026. godine na drevnoj tvr\u0111avi Kanli kula.<\/p>","protected":false},"author":14,"featured_media":942235,"comment_status":"open","ping_status":"open","sticky":false,"template":"","format":"standard","meta":{"_acf_changed":false,"footnotes":"","jetpack_publicize_message":"","jetpack_publicize_feature_enabled":true,"jetpack_social_post_already_shared":true,"jetpack_social_options":{"image_generator_settings":{"template":"highway","default_image_id":0,"font":"","enabled":false},"version":2}},"categories":[11],"tags":[28520,188,62,437,11723],"naslovna":[],"class_list":["post-942232","post","type-post","status-publish","format-standard","has-post-thumbnail","hentry","category-kultura","tag-brajan-adams","tag-crna-gora","tag-herceg-novi","tag-kanli-kula","tag-spektakl"],"acf":[],"jetpack_publicize_connections":[],"_links":{"self":[{"href":"https:\/\/gradski.me\/en\/wp-json\/wp\/v2\/posts\/942232","targetHints":{"allow":["GET"]}}],"collection":[{"href":"https:\/\/gradski.me\/en\/wp-json\/wp\/v2\/posts"}],"about":[{"href":"https:\/\/gradski.me\/en\/wp-json\/wp\/v2\/types\/post"}],"author":[{"embeddable":true,"href":"https:\/\/gradski.me\/en\/wp-json\/wp\/v2\/users\/14"}],"replies":[{"embeddable":true,"href":"https:\/\/gradski.me\/en\/wp-json\/wp\/v2\/comments?post=942232"}],"version-history":[{"count":1,"href":"https:\/\/gradski.me\/en\/wp-json\/wp\/v2\/posts\/942232\/revisions"}],"predecessor-version":[{"id":942238,"href":"https:\/\/gradski.me\/en\/wp-json\/wp\/v2\/posts\/942232\/revisions\/942238"}],"wp:featuredmedia":[{"embeddable":true,"href":"https:\/\/gradski.me\/en\/wp-json\/wp\/v2\/media\/942235"}],"wp:attachment":[{"href":"https:\/\/gradski.me\/en\/wp-json\/wp\/v2\/media?parent=942232"}],"wp:term":[{"taxonomy":"category","embeddable":true,"href":"https:\/\/gradski.me\/en\/wp-json\/wp\/v2\/categories?post=942232"},{"taxonomy":"post_tag","embeddable":true,"href":"https:\/\/gradski.me\/en\/wp-json\/wp\/v2\/tags?post=942232"},{"taxonomy":"naslovna","embeddable":true,"href":"https:\/\/gradski.me\/en\/wp-json\/wp\/v2\/naslovna?post=942232"}],"curies":[{"name":"wp","href":"https:\/\/api.w.org\/{rel}","templated":true}]}}