{"id":942206,"date":"2026-03-17T21:26:00","date_gmt":"2026-03-17T20:26:00","guid":{"rendered":"https:\/\/gradski.me\/?p=942206"},"modified":"2026-03-18T12:34:35","modified_gmt":"2026-03-18T11:34:35","slug":"vucinic-mjestani-zagorica-u-saobracajnoj-blokadi-emerald-gradnja-postavila-fizicke-prepreke-koje-blokiraju-prolaz","status":"publish","type":"post","link":"https:\/\/gradski.me\/en\/drustvo\/vucinic-mjestani-zagorica-u-saobracajnoj-blokadi-emerald-gradnja-postavila-fizicke-prepreke-koje-blokiraju-prolaz\/","title":{"rendered":"(VIDEO) Vu\u010dini\u0107: Zagori\u010d residents in traffic jam, Emerald construction has placed physical obstacles blocking the passage"},"content":{"rendered":"<p><\/p>\n\n\n\n<p>Obra\u0107anje Dragutina Vu\u010dini\u0107a Gradskoj upravi prenosimo integralno.<\/p>\n\n\n\n<p>UPRAVI GLAVNOG GRADA PODGORICA<\/p>\n\n\n\n<p>Po\u0161tovani,<\/p>\n\n\n\n<p>Obra\u0107am Vam se u ime gra\u0111ana Zagori\u010da koji su se od kraja pro\u0161le nedjelje na\u0161li u nezavidnoj situaciji &#8211; svojevrsne saobra\u0107ajne blokade.<\/p>\n\n\n\n<p>Naime, investitor VHM Development (Emerald gradnja) je postavio fizi\u010dke prepreke koje blokiraju prolaz preko katastarske parcele 665\/35, K.O. Podgorica II, koja je dio \u0161ire urbanisti\u010dke parcele u njihovom vlasni\u0161tvu.<\/p>\n\n\n\n<p>Pored neprikosnovenog prava svojine, isto je ura\u0111eno i iz sigurnosnih mjera koje su propisane UT-u uslovima\u2026<\/p>\n\n\n\n<p>Ovime je u potpunosti onemogu\u0107en automobilski saobra\u0107aj.<\/p>\n\n\n\n<p>Ista saobra\u0107ajnica je dugo kao takva, i pod asfaltom, bila u upotrebi i predstavljala je glavnu sponu izme\u0111u ulica Velimira Stojanovi\u0107a (ulica na kojoj se sa ju\u017ene strane oslanja dvori\u0161te, \u0161kole &#8222;Branko Bo\u017eovi\u0107&#8220; sa fiskulturnom salom (ulaz) i krilom iste namijenjenim za \u0111ake prvake (ulaz), dalje, u istoj je tu &#8211; sa iste strane ulice, i jedina pred\u0161kolska dr\u017eavna ustanova u Zagori\u010du &#8211; vrti\u0107 &#8222;Mali princ&#8220;) sa Bjelasi\u010dkom ulicom &#8211; koja vodi ka sjevernom dijelu naselja i Park \u0160umi, i ulicom Aleksandra &#8211; Lesa Ivanovi\u0107a &#8211; koja vodi ka ulici Nikole Tesle i zapadnom dijelu naselja.<\/p>\n\n\n\n<p>Tom najkra\u0107om, unutarzagori\u010dkom transferzalom, koja povrzuje tri glavne ulice u naselju &#8211; Iva Andri\u0107a, IX crnogorske brigade i Nikole Tesle, a preko kojih, dublje, su uvezane sve ostale (Piperska, Brskutska, Vaka \u0110urovi\u0107a\u2026) njegove ulice, je sada po prekidu iste kao takvim s pristupom i Osnovnoj \u0161koli, a naro\u010dito vrti\u0107u &#8211; do\u0161lo je do potpunog saobra\u0107ajnog kolapsa u na\u0161em naselju!<\/p>\n\n\n\n<p>Ovime je ulica Velimira Stojanovi\u0107a postala bukvalno slijepa ulica, sa svakodnevnim prilivom ogromnog saobra\u0107aja, naro\u010dito izjutra kad se ostavljaju djeca u vrti\u0107 i popodne kad se ista uzimaju iz njega, bez mogu\u0107nosti odu\u0161ka ka krajnjim ta\u010dama, odnosno bez same mogu\u0107nosti &#8222;kru\u017enog toka&#8220; saobra\u0107aja, a \u0161to je najgore i bez mogu\u0107nosti, bukvalno, zbog \u0161irine same saobra\u0107ajnice da se ta ista auta mogu sa sigurno\u0161\u0107u okrenuti i vratiti bar istim putem nazad u ulicu Iva Andri\u0107a &#8211; koja je ionako zatrpana saobra\u0107ajem u istim terminima.<\/p>\n\n\n\n<p>Na svo ovo zlo, pridodajte i non stop prisutne ma\u0161ine koje opslu\u017euju pomenuto a i ostala gradili\u0161ta u istoj ulici ali i kamione komunalnih slu\u017ebi koje obavljaju svoje svakodnevne aktivnosti.<\/p>\n\n\n\n<p>Kako rije\u0161iti ovu problematiku?<\/p>\n\n\n\n<p>Postoje dva rje\u0161enja, jedno u\u017ee tj. usko lokalno koje je vezano za same saobra\u0107ajnice uz \u0161kolu i vrti\u0107, a drugo je \u0161ire &#8211; od zna\u010daja za cijeli Zagori\u010dki saobra\u0107aj.<\/p>\n\n\n\n<p>U\u017ee rje\u0161enje, mi gra\u0111ani Zagori\u010da vidimo u preuzimanju sljede\u0107eg koraka &#8211; u probijanju nove saobra\u0107ajnice koja bi povezala ulicu Velimira Stojanovi\u0107a sa ulicom Jaroslava \u010cermaka, sa krajnje zapadne strane dvori\u0161te \u0161kole.<\/p>\n\n\n\n<p>Ovim rje\u0161enjem, na\u0161a \u0161kola &#8222;Branko Bo\u017eovi\u0107&#8220; bi se na\u0161la u tzv. bloku, okru\u017eena s ulicama sa dvije saobra\u0107ajne trake i obostramim trotoarima sa svake svoje strane, \u0161to bi pristup istoj vi\u0161estruko olak\u0161alo za razliku od onog \u0161to imamo danas &#8211; potpunog saobra\u0107ajnog kolapsa oko nje.<\/p>\n\n\n\n<p>Ova saobra\u0107ajnica bi u potpunosti prolazila kroz katastatsku parcelu 650, K.O. Podgorica II, u vlasni\u0161tvu Dr\u017eave Crne Gore s pravom raspolaganja Vlada Crne Gore, pod upravom same pomenute \u0161kole.<\/p>\n\n\n\n<p>Radove na ure\u0111enju i ulice Jaroslava \u010cermaka sa parkirali\u0161tem u istoj za potrebe posjetioca \u0161kole i roditelja ( koji dovoze i odvoze djecu) na katastatskoj parceli 655, K.O. Podgorica II, u vlasni\u0161tvu Dr\u017eave Crne Gore s pravom raspolaganja Glavnog grada, Velimira Stojanovi\u0107a i novoformiranoj povezuju\u0107oj ulici, bi preuzeo Glavni grad po\u0161to bi mu prostor iste bio prepu\u0161ten na raspolaganje od Vlade Crne Gore.<\/p>\n\n\n\n<p>Zbog konfiguracije same \u0161kolske parcele, ovim presijecanjem bi uz samu ogradu sa vrti\u0107em &#8222;Mali Princ&#8220; ostalo dovoljno prostora za parking za zaposlenike i u jednoj i u drugoj ustanovi.<\/p>\n\n\n\n<p>\u0160ire rje\u0161enje, mi gra\u0111ani Zagori\u010da, za ovu situaciju vidimo u probijanju date blokade &#8211; promptnom primjenom rje\u0161enja iz DUP-a &#8222;Zagori\u010d 3 i 4&#8220; zona B, i to u dva pravca:<\/p>\n\n\n\n<p>Prvi je ponovna uspostava saobra\u0107aja na prekinutoj saobra\u0107ajnici sa prethodno regulisanim imovinsko-pravnim odnosima, \u0161to bi se potom odnijelo na potpunu rekonstrukciju date ulice s njenim pro\u0161irivanjem kroz naselje ka sjeveru na potezu Bjelasi\u010dke ulice.<br>Me\u0111utim, ovdje je pitanje da li je pro\u0161irenje iste mogu\u0107e bez ekspropriacije jednog broja stambenih objekata u njenom gornjem dijelu tzv. Grudici, gdje se iste sastaje s krakom ulice Aleksandra- Lesa Ivanovi\u0107a.<\/p>\n\n\n\n<p>Drugo rje\u0161enje je, nama mnogo logi\u010dnije i po grad mnogo prihvatljivije ekonomski jeste, da se napravi &#8222;proboj&#8220; ka zapadu iz ulice Velimira Stojanovi\u0107a kroz &#8211; katastarsku parcelu br. 665\/2, K.O. Podgorica II , na kojoj je formirana sfaltirana ulica ispod vrti\u0107a, a zatim dalje kroz katastarsku parcelu br. 523, K.O. Podgorica II, u vlasni\u0161tvu Dr\u017eave Crne Gore, s pravom raspolaganja Glavnog grada, s njenim pro\u0161irivanjem (kako to pomenuti DUP predvi\u0111a) na kat. parcele 520\/3, K.O. Podgorica II, u vlasni\u0161tvu Nikoli\u0107 Rista Oseje ro\u0111. Stamatovi\u0107, i dijela kat. parcele 518\/3, K.O. Podgorica II, u vlasni\u0161tvu Radusinovi\u0107 Rista Slobodanke, i dalje u istom pravcu preko dijela kat. parcele 516\/1, K.O. Podgorica II, u vlasni\u0161tvu Radovi\u0107 Rista Milanke, Nikoli\u0107 Rista ro\u0111. Stamatovi\u0107 Oseje i Radusinovi\u0107 Rista Slobodanke u obimu prava 1\/3, u dijelu kat. parcele 522, K.O. Podgorica II, u vlasni\u0161tvu Boljevi\u0107 Slavka Sla\u0111ane, tako\u0111e dijela kat. parcele 514\/1 i 513\/1, K.O. Podgorica II, u vlasni\u0161tvu Radovi\u0107 Rista Milanke, Nikoli\u0107 Rista ro\u0111. Stamatovi\u0107 Oseje i Radusinovi\u0107 Rista Slobodanke u obimu prava 1\/3,, i dijela kat. parvele 513\/3, K.O. Podgorica II, u vlasni\u0161tvu Dom Invest Gradnja d.o.o. i Pejovi\u0107 Bla\u017ea Radovan u obimu prava 1\/2, \u010dime bi se iza\u0161lo na ulicu Nikole Tesle.<\/p>\n\n\n\n<p>Ova druga mogu\u0107nost je po nama mnogo izglednija, jer o istom imamo informaciju da je u toku izgradnja Glavnog projekta &#8211; upravo te saobra\u0107ajnice, od strane pomenutog investitora, a po zavr\u0161etku kojeg bi Agencija za izgradnju i razvoj Podgorice pristupila izradi Elaborata o eksproprijaciji \u010dime je i mnogo izvjesnija u smislu kona\u010dne realizacije.<\/p>\n\n\n\n<p>Mi, kao gra\u0111ani Zagori\u010da vas molimo, da nam se \u0161to prije iza\u0111e u susret jer bi bez upravo rje\u0161avanja ovog problema &#8211; na ovakav na\u010din, ostali skroz zaglavljeni u ovom sada\u0161njem haosu kojem ni\u010dim doprinijeli nijesmo.<\/p>\n\n\n\n<p>I na kraju, ja li\u010dno vas molim, da ubudu\u0107e prije ulaska u bilo kakav projekat ovakvog tipa &#8211; u ovom obimu izgradnje, ne ulazite bez unaprijed pripremljenih i realizovanih projekata glavne saobra\u0107ajnice i elaborata o eksptoprijaciji.<\/p>\n\n\n\n<p>Ispred gra\u0111ana Zagori\u010da,<\/p>\n\n\n\n<p>s nadom da \u0107ete ovo na\u0161e obra\u0107anje prihvatiti kao ozbiljan predlog za razmatranje,<\/p>\n\n\n\n<p>unaprijed zahvalan,<\/p>\n\n\n\n<p>Dragutin Vu\u010dini\u0107,<br>odbornik Glavnog grada<\/p>\n\n\n\n<p>Glavni Grad Podgorica<\/p>\n\n\n\n<figure class=\"wp-block-video\"><video height=\"320\" style=\"aspect-ratio: 568 \/ 320;\" width=\"568\" controls src=\"https:\/\/gradski.me\/wp-content\/uploads\/2026\/03\/AQN9sMT_LKB5E5h4x9aq9SIKwKZp2EJmh1AOgOHbNNVR5f68AV5doh-Qwjjr4L8NejZupRpsnaKkf8CUt19SeqhL6IeJUxf6IsfK85HvAQ.mp4\"><\/video><figcaption class=\"wp-element-caption\">video: Dragutin Vu\u010dini\u0107\/Facebook<\/figcaption><\/figure>","protected":false},"excerpt":{"rendered":"<p>Odbornik Pokreta za Podgoricu u Skup\u0161tini Glavnog grada, Dragutin Vu\u010dini\u0107, obratio se Gradskoj upravi u ime gra\u0111ana Zagori\u010da povodom problema sa saobra\u0107ajnom blokadom. Naime, investitor VHM Development (Emerald gradnja) postavio je fizi\u010dke prepreke koje onemogu\u0107avaju prolaz preko katastarske parcele, iako ona \u010dini dio \u0161ire urbanisti\u010dke cjeline u njihovom vlasni\u0161tvu.<\/p>","protected":false},"author":14,"featured_media":942219,"comment_status":"open","ping_status":"open","sticky":false,"template":"","format":"standard","meta":{"_acf_changed":false,"footnotes":"","jetpack_publicize_message":"","jetpack_publicize_feature_enabled":true,"jetpack_social_post_already_shared":true,"jetpack_social_options":{"image_generator_settings":{"template":"highway","default_image_id":0,"font":"","enabled":false},"version":2}},"categories":[9],"tags":[28517,2074,28515,28516,27225,28514],"naslovna":[],"class_list":["post-942206","post","type-post","status-publish","format-standard","has-post-thumbnail","hentry","category-drustvo","tag-blokiranje-prolaza","tag-dragutin-vucinic","tag-emerald-gradnja","tag-fizicke-prepreke","tag-mjestani-zagorica","tag-saobracajna-blokada"],"acf":[],"jetpack_publicize_connections":[],"_links":{"self":[{"href":"https:\/\/gradski.me\/en\/wp-json\/wp\/v2\/posts\/942206","targetHints":{"allow":["GET"]}}],"collection":[{"href":"https:\/\/gradski.me\/en\/wp-json\/wp\/v2\/posts"}],"about":[{"href":"https:\/\/gradski.me\/en\/wp-json\/wp\/v2\/types\/post"}],"author":[{"embeddable":true,"href":"https:\/\/gradski.me\/en\/wp-json\/wp\/v2\/users\/14"}],"replies":[{"embeddable":true,"href":"https:\/\/gradski.me\/en\/wp-json\/wp\/v2\/comments?post=942206"}],"version-history":[{"count":3,"href":"https:\/\/gradski.me\/en\/wp-json\/wp\/v2\/posts\/942206\/revisions"}],"predecessor-version":[{"id":942226,"href":"https:\/\/gradski.me\/en\/wp-json\/wp\/v2\/posts\/942206\/revisions\/942226"}],"wp:featuredmedia":[{"embeddable":true,"href":"https:\/\/gradski.me\/en\/wp-json\/wp\/v2\/media\/942219"}],"wp:attachment":[{"href":"https:\/\/gradski.me\/en\/wp-json\/wp\/v2\/media?parent=942206"}],"wp:term":[{"taxonomy":"category","embeddable":true,"href":"https:\/\/gradski.me\/en\/wp-json\/wp\/v2\/categories?post=942206"},{"taxonomy":"post_tag","embeddable":true,"href":"https:\/\/gradski.me\/en\/wp-json\/wp\/v2\/tags?post=942206"},{"taxonomy":"naslovna","embeddable":true,"href":"https:\/\/gradski.me\/en\/wp-json\/wp\/v2\/naslovna?post=942206"}],"curies":[{"name":"wp","href":"https:\/\/api.w.org\/{rel}","templated":true}]}}