{"id":942064,"date":"2026-03-17T19:33:00","date_gmt":"2026-03-17T18:33:00","guid":{"rendered":"https:\/\/gradski.me\/?p=942064"},"modified":"2026-03-18T08:39:12","modified_gmt":"2026-03-18T07:39:12","slug":"video-joksimovic-formiracemo-radnu-grupu-za-izradu-zakona-za-pio-pozivam-penzionere-da-se-ujedinimo","status":"publish","type":"post","link":"https:\/\/gradski.me\/en\/drustvo\/video-joksimovic-formiracemo-radnu-grupu-za-izradu-zakona-za-pio-pozivam-penzionere-da-se-ujedinimo\/","title":{"rendered":"(VIDEO) Joksimovi\u0107: We will form a working group to draft the PIO Law, I call on pensioners to unite"},"content":{"rendered":"<p><\/p>\n\n\n\n<p>Penzioneri poru\u010duju za TV Podgoricu da \u0107e, sa novog protesta ispred Skup\u0161tine, zatra\u017eiti pravdu, po\u0161tovanje i dostojanstven \u017eivot.<\/p>\n\n\n\n<p>&#8222;Pozivam penzionere da se ujedinimo, jer jedino slo\u017eni mo\u017eemo do rezultata. Izbori\u0107emo se mi za svoja prava. Formira\u0107emo radnu grupu za izradu Zakona za PIO, nametnu\u0107emo ga Vladi i Skup\u0161tini&#8220;, poru\u010dio je Momo Joksimovi\u0107 iz Partije penzionera, invalida i restitucije CG.<\/p>\n\n\n\n<p>Nijedan od dosada\u0161njih zahtjeva, ka\u017eu, nije im ispunjen. Iako je, podsje\u0107aju, 2022-e uve\u0107anje minimalnih penzija na 450 eura bilo zna\u010dajno, sada je situacija druga\u010dija.<\/p>\n\n\n\n<p>&#8222;Inflacija u Crnoj Gori je najve\u0107a u Evropi. Hrana je oti\u0161la drasti\u010dno, komunalije, skupo\u0107a. Tro\u0161kovi za lije\u010denje su veliki. Tako da je \u017eivot penzionera doveden u jednu te\u0161ku situaciju&#8220;, naveo je Joksimovi\u0107.<\/p>\n\n\n\n<p><strong>\u017deljka Laki\u0107evi\u0107<\/strong> iz Udru\u017eenje penzionera sa minimalnim penzijama je istakla da su nam ljekovi skuplji nego u okru\u017eenju, primaju 450 eura, a prije toga moraju sve obaveze da plate dr\u017eavi. <\/p>\n\n\n\n<p>&#8222;Mo\u017eemo samo da biramo ho\u0107emo li da se lije\u010dimo ili da se prehranimo&#8220;, kazala je Laki\u0107evi\u0107.<\/p>\n\n\n\n<p>Ne\u0107e, poru\u010duju, odustati od protesta, jer oni koji su radili i gradili dr\u017eavu zaslu\u017euju bolji \u017eivot. A u slu\u010daju da im se zahtjevi ne ispune \u2013 najavljuju da \u0107e od svih penzionera zatra\u017eiti gra\u0111ansku neposlu\u0161nost.<\/p>\n\n\n\n<figure class=\"wp-block-embed is-type-video is-provider-youtube wp-block-embed-youtube wp-embed-aspect-16-9 wp-has-aspect-ratio\"><div class=\"wp-block-embed__wrapper\">\n<iframe title=\"Joksimovi\u0107: Formira\u0107emo radnu grupu za izradu Zakona za PIO, pozivam penzionere da se ujedinimo\" width=\"800\" height=\"450\" src=\"https:\/\/www.youtube.com\/embed\/qoNOFq3c3zg?feature=oembed\" frameborder=\"0\" allow=\"accelerometer; autoplay; clipboard-write; encrypted-media; gyroscope; picture-in-picture; web-share\" referrerpolicy=\"strict-origin-when-cross-origin\" allowfullscreen><\/iframe>\n<\/div><\/figure>","protected":false},"excerpt":{"rendered":"<p>Nakon \u0161to su protestovali u februaru, nezadovoljni penzioneri najavljuju novi protest &#8211; sjutra u podne ispred Skup\u0161tine Crne Gore. Kazali su da im nijedan zahtjev nije ispunjen i da ne\u0107e odustati od borbe za bolji \u017eivot.<\/p>","protected":false},"author":14,"featured_media":942072,"comment_status":"open","ping_status":"open","sticky":false,"template":"","format":"standard","meta":{"_acf_changed":false,"footnotes":"","jetpack_publicize_message":"","jetpack_publicize_feature_enabled":true,"jetpack_social_post_already_shared":true,"jetpack_social_options":{"image_generator_settings":{"template":"highway","default_image_id":0,"font":"","enabled":false},"version":2}},"categories":[9],"tags":[19301,5115,28496],"naslovna":[],"class_list":["post-942064","post","type-post","status-publish","format-standard","has-post-thumbnail","hentry","category-drustvo","tag-momo-joksimovic","tag-penzioneri","tag-radna-grupa-za-izradu-zakona-za-pio"],"acf":[],"jetpack_publicize_connections":[],"_links":{"self":[{"href":"https:\/\/gradski.me\/en\/wp-json\/wp\/v2\/posts\/942064","targetHints":{"allow":["GET"]}}],"collection":[{"href":"https:\/\/gradski.me\/en\/wp-json\/wp\/v2\/posts"}],"about":[{"href":"https:\/\/gradski.me\/en\/wp-json\/wp\/v2\/types\/post"}],"author":[{"embeddable":true,"href":"https:\/\/gradski.me\/en\/wp-json\/wp\/v2\/users\/14"}],"replies":[{"embeddable":true,"href":"https:\/\/gradski.me\/en\/wp-json\/wp\/v2\/comments?post=942064"}],"version-history":[{"count":3,"href":"https:\/\/gradski.me\/en\/wp-json\/wp\/v2\/posts\/942064\/revisions"}],"predecessor-version":[{"id":942333,"href":"https:\/\/gradski.me\/en\/wp-json\/wp\/v2\/posts\/942064\/revisions\/942333"}],"wp:featuredmedia":[{"embeddable":true,"href":"https:\/\/gradski.me\/en\/wp-json\/wp\/v2\/media\/942072"}],"wp:attachment":[{"href":"https:\/\/gradski.me\/en\/wp-json\/wp\/v2\/media?parent=942064"}],"wp:term":[{"taxonomy":"category","embeddable":true,"href":"https:\/\/gradski.me\/en\/wp-json\/wp\/v2\/categories?post=942064"},{"taxonomy":"post_tag","embeddable":true,"href":"https:\/\/gradski.me\/en\/wp-json\/wp\/v2\/tags?post=942064"},{"taxonomy":"naslovna","embeddable":true,"href":"https:\/\/gradski.me\/en\/wp-json\/wp\/v2\/naslovna?post=942064"}],"curies":[{"name":"wp","href":"https:\/\/api.w.org\/{rel}","templated":true}]}}