{"id":942005,"date":"2026-03-17T17:12:00","date_gmt":"2026-03-17T16:12:00","guid":{"rendered":"https:\/\/gradski.me\/?p=942005"},"modified":"2026-03-17T16:35:49","modified_gmt":"2026-03-17T15:35:49","slug":"mrsic-i-petkovic-pred-radnicki-uz-podrsku-navijaca-da-doplivamo-do-nove-pobjede","status":"publish","type":"post","link":"https:\/\/gradski.me\/en\/sport\/mrsic-i-petkovic-pred-radnicki-uz-podrsku-navijaca-da-doplivamo-do-nove-pobjede\/","title":{"rendered":"Mr\u0161i\u0107 and Petkovi\u0107 in front of Radni\u010dki: \"With the support of the fans, let's swim to another victory\""},"content":{"rendered":"<p>The team from Kotor eliminated Jug in the round of 16, while the team from Kragujevac was better than Barcelona. <\/p>\n\n\n\n<p>\"We played the last three games great. We've gotten into shape. I think the energy has never been better. We are happy to welcome the Radni\u010dki team and invite the fans to fill the pool and try to swim together to another victory,\" said Primorac water polo player Marko Mrsic.<\/p>\n\n\n\n<p>Radni\u010dki won both matches against Primorac this season \u2013 in Kotor 13:7, in Kragujevac 15:9. The Serbian representative is the favorite in the upcoming doubleheader as well.<\/p>\n\n\n\n<p>\"We have a big match against Radni\u010dki. In my opinion, they are one of the strongest teams in Europe this season. They should have reached the F4 of the Champions League, but they did not play at the level they were expected to be at. They picked up their form in the second half of the season. That is the composition of the current Serbian national team with two former national team members, some of the best players in the world in the previous decade,\" said Kotor water polo player Marko Petkovi\u0107.<\/p>\n\n\n\n<p>The match at the \"Zoran D\u017eimi Gop\u010devi\u0107\" swimming pool is scheduled for 6 p.m., with the return match on March 28 in Kragujevac. <\/p>","protected":false},"excerpt":{"rendered":"<p>Primorac water polo players will welcome Radni\u010dki tomorrow in the first match of the Eurocup quarterfinals. <\/p>","protected":false},"author":7,"featured_media":942019,"comment_status":"open","ping_status":"open","sticky":false,"template":"","format":"standard","meta":{"_acf_changed":false,"footnotes":"","jetpack_publicize_message":"","jetpack_publicize_feature_enabled":true,"jetpack_social_post_already_shared":true,"jetpack_social_options":{"image_generator_settings":{"template":"highway","default_image_id":0,"font":"","enabled":false},"version":2}},"categories":[15],"tags":[28482,6115,8527,508],"naslovna":[],"class_list":["post-942005","post","type-post","status-publish","format-standard","has-post-thumbnail","hentry","category-sport","tag-marko-mrsic","tag-regionalna-premijer-liga","tag-vk-radnicki","tag-vpk-primorac"],"acf":[],"jetpack_publicize_connections":[],"_links":{"self":[{"href":"https:\/\/gradski.me\/en\/wp-json\/wp\/v2\/posts\/942005","targetHints":{"allow":["GET"]}}],"collection":[{"href":"https:\/\/gradski.me\/en\/wp-json\/wp\/v2\/posts"}],"about":[{"href":"https:\/\/gradski.me\/en\/wp-json\/wp\/v2\/types\/post"}],"author":[{"embeddable":true,"href":"https:\/\/gradski.me\/en\/wp-json\/wp\/v2\/users\/7"}],"replies":[{"embeddable":true,"href":"https:\/\/gradski.me\/en\/wp-json\/wp\/v2\/comments?post=942005"}],"version-history":[{"count":3,"href":"https:\/\/gradski.me\/en\/wp-json\/wp\/v2\/posts\/942005\/revisions"}],"predecessor-version":[{"id":942020,"href":"https:\/\/gradski.me\/en\/wp-json\/wp\/v2\/posts\/942005\/revisions\/942020"}],"wp:featuredmedia":[{"embeddable":true,"href":"https:\/\/gradski.me\/en\/wp-json\/wp\/v2\/media\/942019"}],"wp:attachment":[{"href":"https:\/\/gradski.me\/en\/wp-json\/wp\/v2\/media?parent=942005"}],"wp:term":[{"taxonomy":"category","embeddable":true,"href":"https:\/\/gradski.me\/en\/wp-json\/wp\/v2\/categories?post=942005"},{"taxonomy":"post_tag","embeddable":true,"href":"https:\/\/gradski.me\/en\/wp-json\/wp\/v2\/tags?post=942005"},{"taxonomy":"naslovna","embeddable":true,"href":"https:\/\/gradski.me\/en\/wp-json\/wp\/v2\/naslovna?post=942005"}],"curies":[{"name":"wp","href":"https:\/\/api.w.org\/{rel}","templated":true}]}}