{"id":941765,"date":"2026-03-17T09:50:19","date_gmt":"2026-03-17T08:50:19","guid":{"rendered":"https:\/\/gradski.me\/?p=941765"},"modified":"2026-03-17T17:30:09","modified_gmt":"2026-03-17T16:30:09","slug":"kabinet-milatovica-samo-je-pitanje-vremena-kada-ce-sporazum-sa-uae-pasti-na-ustavnom-sudu","status":"publish","type":"post","link":"https:\/\/gradski.me\/en\/politika\/kabinet-milatovica-samo-je-pitanje-vremena-kada-ce-sporazum-sa-uae-pasti-na-ustavnom-sudu\/","title":{"rendered":"Milatovi\u0107's Cabinet: It's only a matter of time before the Agreement with the UAE falls through at the Constitutional Court"},"content":{"rendered":"<p><\/p>\n\n\n\n<p><\/p>\n\n\n\n<p>&#8222;Da je Ustavni sud imao puni sastav, Crna Gora ne bi do\u0161la u ovu situaciju, a stvarni razlog njegovog nepopunjavanja se vidio ju\u010de upravo na ovom slu\u010daju. Na\u017ealost, kao i vi\u0161e puta do sada, vlast je stavila li\u010dni i partijski interes iznad javnog.<\/p>\n\n\n\n<p>Me\u0111utim, i u krnjem sastavu od \u0161est sudija, jasno je da troje sudija aktuelnog saziva Ustavnog suda smatra da sporazum nije u skladu sa Ustavom. To zna\u010di da bi u slu\u010daju da makar jedno od dvoje predlo\u017eenih sudija dijeli takav pravni stav Sporazum bio oboren na Ustavnom sudu&#8220;, saop\u0161teno je iz kabineta predsjednika.<\/p>\n\n\n\n<p>Ovu \u010dinjenicu veoma dobro zna i Vlada Crne Gore, ali uprkos tome nastavlja da dezavui\u0161e i doma\u0107u javnost, i na\u0161e UAE partnere. Ali mo\u017eete lagati neke ljudi sve vrijeme, sve ljude neko vrijeme, ali ne mo\u017eete lagati sve ljude sve vrijeme.<\/p>\n\n\n\n<p>&#8222;Ovom prilikom tako\u0111e podsje\u0107amo da je jednoj sutkinji Skup\u0161tina Crne Gore u decembru 2025. godine neustavno produ\u017eila vr\u0161enje sudijske funkcije, a ju\u010dera\u0161nje glasanje je dodatno rasvijetlilo razloge takve odluke. Istovremeno, ista parlamentarna ve\u0107ina ve\u0107 gotovo godinu dana odbija da izabere sudije koje predla\u017ee Predsjednik, \u010dime direktno ugro\u017eava funkcionalnost Ustavnog suda.<\/p>\n\n\n\n<p>Ovaj sporazum je od prvog dana optere\u0107en ozbiljnim pravnim i institucionalnim sumnjama.<\/p>\n\n\n\n<p>Umjesto jasnih odgovora, javnost mjesecima slu\u0161a propagandu o navodnom \u201eistorijskom poslu\u201c. To nije model odgovorne dr\u017eave. To je stari i pokvareni DPS model netransparentnih dogovora iza zatvorenih vrata i rasprodaje dr\u017eavne imovine.<\/p>\n\n\n\n<p>Gra\u0111ani Crne Gore ne \u017eele dr\u017eavu pre\u010dica i politi\u010dkih trgovina, bez obzira na to ko ih sprovodi, bilo da je rije\u010d o nekada\u0161njoj ili sada\u0161njoj vlasti.<\/p>\n\n\n\n<p>Zato jasno poru\u010dujemo: nema tog sporazuma, nema tog investitora i nema tog politi\u010dkog dogovora koji mo\u017ee biti iznad Ustava Crne Gore i interesa na\u0161ih gra\u0111ana&#8220;, kazali su u saop\u0161tenju.<\/p>","protected":false},"excerpt":{"rendered":"<p>Iako Ustavni sud ju\u010de nije donio odluku, glasanje sudija u zna\u010dajnoj mjeri je potvrdilo manjkavosti Sporazuma na koje smo ukazivali od samog po\u010detka. Upravo zbog brojnih ustavno-pravnih sumnji Predsjednik je Sporazum vratio Skup\u0161tini na ponovno odlu\u010divanje, a iste su kasnije i potvr\u0111ene od strane uglednih profesora i stru\u010dnjaka na javnoj raspravi koju je organizovao Ustavni sud po ovom pitanju, saop\u0161teno je iz kabineta predsjednika Jakova Milatovi\u0107a.<\/p>","protected":false},"author":7,"featured_media":939362,"comment_status":"open","ping_status":"open","sticky":false,"template":"","format":"standard","meta":{"_acf_changed":false,"footnotes":"","jetpack_publicize_message":"","jetpack_publicize_feature_enabled":true,"jetpack_social_post_already_shared":true,"jetpack_social_options":{"image_generator_settings":{"template":"highway","default_image_id":0,"font":"","enabled":false},"version":2}},"categories":[7],"tags":[4342,28446,1674],"naslovna":[],"class_list":["post-941765","post","type-post","status-publish","format-standard","has-post-thumbnail","hentry","category-politika","tag-milatovic-3","tag-sporazum-a-sa-uae","tag-ustavni-sud-bih"],"acf":[],"jetpack_publicize_connections":[],"_links":{"self":[{"href":"https:\/\/gradski.me\/en\/wp-json\/wp\/v2\/posts\/941765","targetHints":{"allow":["GET"]}}],"collection":[{"href":"https:\/\/gradski.me\/en\/wp-json\/wp\/v2\/posts"}],"about":[{"href":"https:\/\/gradski.me\/en\/wp-json\/wp\/v2\/types\/post"}],"author":[{"embeddable":true,"href":"https:\/\/gradski.me\/en\/wp-json\/wp\/v2\/users\/7"}],"replies":[{"embeddable":true,"href":"https:\/\/gradski.me\/en\/wp-json\/wp\/v2\/comments?post=941765"}],"version-history":[{"count":1,"href":"https:\/\/gradski.me\/en\/wp-json\/wp\/v2\/posts\/941765\/revisions"}],"predecessor-version":[{"id":941766,"href":"https:\/\/gradski.me\/en\/wp-json\/wp\/v2\/posts\/941765\/revisions\/941766"}],"wp:featuredmedia":[{"embeddable":true,"href":"https:\/\/gradski.me\/en\/wp-json\/wp\/v2\/media\/939362"}],"wp:attachment":[{"href":"https:\/\/gradski.me\/en\/wp-json\/wp\/v2\/media?parent=941765"}],"wp:term":[{"taxonomy":"category","embeddable":true,"href":"https:\/\/gradski.me\/en\/wp-json\/wp\/v2\/categories?post=941765"},{"taxonomy":"post_tag","embeddable":true,"href":"https:\/\/gradski.me\/en\/wp-json\/wp\/v2\/tags?post=941765"},{"taxonomy":"naslovna","embeddable":true,"href":"https:\/\/gradski.me\/en\/wp-json\/wp\/v2\/naslovna?post=941765"}],"curies":[{"name":"wp","href":"https:\/\/api.w.org\/{rel}","templated":true}]}}