{"id":941641,"date":"2026-03-16T21:29:43","date_gmt":"2026-03-16T20:29:43","guid":{"rendered":"https:\/\/gradski.me\/?p=941641"},"modified":"2026-03-16T21:29:56","modified_gmt":"2026-03-16T20:29:56","slug":"zizic-pred-sudom-odsjek-sam-odlucivao-koga-ce-saslusavati-lazovic-se-nije-mijesao","status":"publish","type":"post","link":"https:\/\/gradski.me\/en\/hronika\/zizic-pred-sudom-odsjek-sam-odlucivao-koga-ce-saslusavati-lazovic-se-nije-mijesao\/","title":{"rendered":"\u017di\u017ei\u0107 before the court: The department itself decided who to interrogate, Lazovi\u0107 did not interfere"},"content":{"rendered":"<p>Biv\u0161i rukovodilac Odsjeka za suzbijanje te\u0161kih krivi\u010dnih djela Milorad \u017di\u017ei\u0107 istakao je da im se Zoran Lazovi\u0107 nije mije\u0161ao u to koga \u0107e zvati na informativne razgovore, niti se interesovao o njihovom sadr\u017eaju. To je kazao odgovaraju\u0107i upravo na pitanja Lazovi\u0107a &#8211; nekada\u0161njeg pomo\u0107nika direktora policije, kojeg SDT tereti kao \u0161efa grupe koja je navodno sara\u0111ivala sa organizacijom Radoja Zvicera.<br><br>&#8222;U Odsjeku za suzbijanje te\u0161kih krivi\u010dnih djela, sami smo procjenjivali koje \u0107emo osobe iz oblasti organizovanog kriminala pozvati na informativne razgovore. Zoran Lazovi\u0107 se u to nije mije\u0161ao niti je tra\u017eio na uvid slu\u017ebenu zabilje\u0161ku o obavljanju tih razgovora, pa tako ni onu koja je sa\u010dinjena nakon saslu\u0161anja Radoja Zvicera&#8220;, kazao je \u017di\u017ei\u0107.<\/p>\n\n\n\n<p>On je kazao i da je njegov Odsjek u sedam predmeta podnosio krivi\u010dne prijave protiv Zvicera, te da je na osnovu njih i raspisana potjernica za Zvicerom. Svjedok je govorio i o aktivnostima SPO-a.<\/p>\n\n\n\n<p>&#8222;Slu\u017ebenici Specijalnog policijskog odjeljenja su vr\u0161ili pretres kod Radoja Zvicera 28. 03. 2021, a logisti\u010dku podr\u0161ku im je pru\u017eao Odsjek za te\u0161ka krivi\u010dna djela. Moja pretpostavka je da je osnov za pretresanje bila dokumentacija koja je do\u0161la od Europola 25. 03. 2021&#8220;, kazao je \u017di\u017ei\u0107.<br><br>Komentar na taj slu\u010daj imao je i specijalni tu\u017eilac Milo\u0161 \u0160o\u0161ki\u0107.<\/p>\n\n\n\n<p>&#8222;Zvicer se slobodno \u0161etao kroz Crnu Goru i nakon dostavljanja tog obavje\u0161tajnog paketa. \u010cak je i kontrolisan u saobra\u0107aju 27.03.2021 u Kotoru. Me\u0111utim, kada je uslijedio pretres 28.03.2021 u njegovoj ku\u0107i ga nema, ni dan danas ga nema kao \u0161to nema ni Du\u0161ka Roganovi\u0107a&#8220;, istakao je \u0160o\u0161ki\u0107.<\/p>\n\n\n\n<p>\u0160o\u0161ki\u0107 isti\u010de i da su dokazani navodi optu\u017enice prema kojima je Lazovi\u0107 tra\u017eio od biv\u0161eg glavnog specijalnog tu\u017eioca da se ne pokre\u0107e postupak protiv Du\u0161ka Roganovi\u0107a.<br><br>&#8222;\u017di\u017ei\u0107 je na glavnom pretresu ponovio da su on i Sa\u0161a \u010ca\u0111enovi\u0107 mislili da \u0107e se procesuirati i Du\u0161ko Roganovi\u0107 sve do sastanka koji je odr\u017ean sa Milivojem Katni\u0107em 3.12.2020. Svjedok je na glavnom pretresu decidno naveo: kada sam rekao da smo mislili da \u0107emo procesuirati i Du\u0161ka Roganovi\u0107a mislio sam na na\u0161 prethodni dogovor i sastanak sa postupaju\u0107im tu\u017eiocem \u010ca\u0111enovi\u0107em, a kasnije je do\u0161lo do konsultacija sa tada\u0161njim glavnim specijalnim tu\u017eiocem. Detaljno sam opisao njegov stav GST &#8211; za\u0161to je on smatrao da se na osnovu onakve izjave Kankara\u0161a ne mo\u017ee procesuirati Roganovi\u0107&#8220;, objasnio je \u0160o\u0161ki\u0107.<br><br>S druge strane, \u017di\u017ei\u0107ev iskaz, odbrana druga\u010dije tuma\u010di.<\/p>\n\n\n\n<p>&#8222;Njegov iskaz je do u detalj pravno urnisao navod tu\u017eioca. Vidjeli smo uostalom i kad zaklju\u010duje primje\u0107uju\u0107i na iskaz \u017di\u017ei\u0107a, dio kad ka\u017ee da je \u010ca\u0111enovi\u0107 bio da se procesuria Roganovi\u0107, al nije dao Katni\u0107. Ako je to tako kako onda da postoji OKG kako to da \u010ca\u0111enovi\u0107 ne slu\u0161a, ho\u0107e jedno, a Katni\u0107 drugo, valjda u OKG svi rade zajedno&#8220;, komentarisao je Zoran Piperovi\u0107, advokat Zoran Lazovi\u0107.<br><br>Su\u0111enje \u0107e biti nastavljeno 23. marta kada \u0107e o \u017di\u017ei\u0107evom svjedo\u010denju rije\u010d imati i Milivoje Katni\u0107.<\/p>","protected":false},"excerpt":{"rendered":"<p>A u podgori\u010dkom Vi\u0161em sudu nastavljeno je su\u0111enje biv\u0161em pomo\u0107niku direktora Uprave policije Zoranu Lazovi\u0107u, biv\u0161em glavnom specijalnom tu\u017eiocu Milivoju Katni\u0107u i suspendovanom specijalnom tu\u017eiocu Sa\u0161i \u010ca\u0111enovi\u0107u. Na dana\u0161njem pretresu nastavljeno je saslu\u0161anje svjedoka.<\/p>","protected":false},"author":13,"featured_media":941642,"comment_status":"open","ping_status":"open","sticky":false,"template":"","format":"standard","meta":{"_acf_changed":false,"footnotes":"","jetpack_publicize_message":"","jetpack_publicize_feature_enabled":true,"jetpack_social_post_already_shared":true,"jetpack_social_options":{"image_generator_settings":{"template":"highway","default_image_id":0,"font":"","enabled":false},"version":2}},"categories":[10],"tags":[13186,9116],"naslovna":[],"class_list":["post-941641","post","type-post","status-publish","format-standard","has-post-thumbnail","hentry","category-hronika","tag-milorad-zizic-2","tag-zoran-lazovic-2"],"acf":[],"jetpack_publicize_connections":[],"_links":{"self":[{"href":"https:\/\/gradski.me\/en\/wp-json\/wp\/v2\/posts\/941641","targetHints":{"allow":["GET"]}}],"collection":[{"href":"https:\/\/gradski.me\/en\/wp-json\/wp\/v2\/posts"}],"about":[{"href":"https:\/\/gradski.me\/en\/wp-json\/wp\/v2\/types\/post"}],"author":[{"embeddable":true,"href":"https:\/\/gradski.me\/en\/wp-json\/wp\/v2\/users\/13"}],"replies":[{"embeddable":true,"href":"https:\/\/gradski.me\/en\/wp-json\/wp\/v2\/comments?post=941641"}],"version-history":[{"count":1,"href":"https:\/\/gradski.me\/en\/wp-json\/wp\/v2\/posts\/941641\/revisions"}],"predecessor-version":[{"id":941644,"href":"https:\/\/gradski.me\/en\/wp-json\/wp\/v2\/posts\/941641\/revisions\/941644"}],"wp:featuredmedia":[{"embeddable":true,"href":"https:\/\/gradski.me\/en\/wp-json\/wp\/v2\/media\/941642"}],"wp:attachment":[{"href":"https:\/\/gradski.me\/en\/wp-json\/wp\/v2\/media?parent=941641"}],"wp:term":[{"taxonomy":"category","embeddable":true,"href":"https:\/\/gradski.me\/en\/wp-json\/wp\/v2\/categories?post=941641"},{"taxonomy":"post_tag","embeddable":true,"href":"https:\/\/gradski.me\/en\/wp-json\/wp\/v2\/tags?post=941641"},{"taxonomy":"naslovna","embeddable":true,"href":"https:\/\/gradski.me\/en\/wp-json\/wp\/v2\/naslovna?post=941641"}],"curies":[{"name":"wp","href":"https:\/\/api.w.org\/{rel}","templated":true}]}}