{"id":941635,"date":"2026-03-16T21:24:00","date_gmt":"2026-03-16T20:24:00","guid":{"rendered":"https:\/\/gradski.me\/?p=941635"},"modified":"2026-03-16T21:16:02","modified_gmt":"2026-03-16T20:16:02","slug":"andric-sa-predstavnicima-britanskih-institucija-razgovarala-o-unapredjenju-rodne-ravnopravnosti","status":"publish","type":"post","link":"https:\/\/gradski.me\/en\/drustvo\/andric-sa-predstavnicima-britanskih-institucija-razgovarala-o-unapredjenju-rodne-ravnopravnosti\/","title":{"rendered":"Andri\u0107 discussed the promotion of gender equality with representatives of British institutions"},"content":{"rendered":"<p><\/p>\n\n\n\n<p>\u201cSastanak je bio prilika da predsjednica Andri\u0107 predstavi dosada\u0161nje aktivnosti i rezultate Odbora za rodnu ravnopravnost, kao i planirane inicijative usmjerene ka daljem unapre\u0111enju rodne ravnopravnosti u Crnoj Gori\u201d, saop\u0161teno je iz Skup\u0161tine.<\/p>\n\n\n\n<p>Kako se navodi u saop\u0161tenju, Andri\u0107 je posebno istakla pove\u0107anje kvote za osobe manje zastupljenog pola na izbornim listama sa 30 odsto na 40 odsto, ocijeniv\u0161i ovu izmjenu kao jedan od najzna\u010dajnijih iskoraka u pravcu ja\u010danja politi\u010dke participacije \u017eena i njihove ravnopravnije zastupljenosti u procesima odlu\u010divanja.<\/p>\n\n\n\n<p>\u201cGovore\u0107i o zakonodavnim inicijativama u oblasti za\u0161tite od nasilja i diskriminacije, predsjednica Odbora je ukazala i na predloge izmjena krivi\u010dnog zakonodavstva, me\u0111u kojima su uvo\u0111enje femicida kao kvalifikovanog oblika ubistva, kao i uvo\u0111enje novog krivi\u010dnog djela \u2013 te\u0161kog govora mr\u017enje\u201d, dodaje se u saop\u0161tenju.<\/p>\n\n\n\n<p>Kako je pojasnila, za ovo djelo je ranije bila predvi\u0111ena nov\u010dana kazna, dok predlo\u017eene izmjene predvi\u0111aju kaznu zatvora.<\/p>\n\n\n\n<p>\u201cOna je naglasila da govor mr\u017enje, naro\u010dito u digitalnom prostoru, predstavlja ozbiljnu prepreku javnom anga\u017emanu \u017eena u razli\u010ditim sferama dru\u0161tva, uklju\u010duju\u0107i i politiku, te da je zbog toga va\u017eno dodatno oja\u010dati pravni okvir i poslati jasnu poruku da takvo pona\u0161anje ne\u0107e biti tolerisano\u201d, pi\u0161e u saop\u0161tenju.<\/p>\n\n\n\n<p>Andri\u0107 je tako\u0111e istakla da su predlo\u017eene izmjene ve\u0107 odre\u0111eno vrijeme predmet komunikacije sa Evropskom komisijom, te izrazila o\u010dekivanje da \u0107e se uskoro na\u0107i pred Skup\u0161tinom Crne Gore.<\/p>\n\n\n\n<p>\u201cNe o\u010dekujem da \u0107e ove izmjene, same po sebi, djelovati kao \u010darobni \u0161tapi\u0107 i odmah smanjiti stope nasilja, ali one predstavljaju va\u017enu osnovu za sna\u017eniji institucionalni odgovor i za pokretanje \u0161ire dru\u0161tvene kampanje kojom bi se dodatno podigla svijest o problemu nasilja, posebno fizi\u010dkog i online nasilja nad \u017eenama\u201c, istakla je Andri\u0107.<\/p>\n\n\n\n<p>Sagovornici su tokom sastanka razmijenili mi\u0161ljenja o izazovima u oblasti rodne ravnopravnosti i digitalne bezbjednosti, kao i o mogu\u0107nostima daljeg ja\u010danja saradnje u cilju unapre\u0111enja za\u0161tite \u017eena od nasilja i podsticanja njihovog aktivnijeg u\u010de\u0161\u0107a u javnom i politi\u010dkom \u017eivotu.<\/p>","protected":false},"excerpt":{"rendered":"<p>Predsjednica Odbora za rodnu ravnopravnost Skup\u0161tine Crne Gore,\u00a0Jelenka Andri\u0107,\u00a0sastala se danas sa\u00a0Eli Hendi, savjetnicom za rodna pitanja i socijalnu inkluziju u Ministarstvu vanjskih poslova, Komonvelta i razvoja Ujedinjenog Kraljevstva, i\u00a0Borisom Radanovi\u0107em,\u00a0\u0161efom za me\u0111unarodnu saradnju u organizaciji South West Grid for Learning (SWGfL).<\/p>","protected":false},"author":13,"featured_media":941637,"comment_status":"open","ping_status":"open","sticky":false,"template":"","format":"standard","meta":{"_acf_changed":false,"footnotes":"","jetpack_publicize_message":"","jetpack_publicize_feature_enabled":true,"jetpack_social_post_already_shared":true,"jetpack_social_options":{"image_generator_settings":{"template":"highway","default_image_id":0,"font":"","enabled":false},"version":2}},"categories":[9],"tags":[5862,15188],"naslovna":[],"class_list":["post-941635","post","type-post","status-publish","format-standard","has-post-thumbnail","hentry","category-drustvo","tag-jelenka-andric","tag-rodna-ravnopravnost"],"acf":[],"jetpack_publicize_connections":[],"_links":{"self":[{"href":"https:\/\/gradski.me\/en\/wp-json\/wp\/v2\/posts\/941635","targetHints":{"allow":["GET"]}}],"collection":[{"href":"https:\/\/gradski.me\/en\/wp-json\/wp\/v2\/posts"}],"about":[{"href":"https:\/\/gradski.me\/en\/wp-json\/wp\/v2\/types\/post"}],"author":[{"embeddable":true,"href":"https:\/\/gradski.me\/en\/wp-json\/wp\/v2\/users\/13"}],"replies":[{"embeddable":true,"href":"https:\/\/gradski.me\/en\/wp-json\/wp\/v2\/comments?post=941635"}],"version-history":[{"count":1,"href":"https:\/\/gradski.me\/en\/wp-json\/wp\/v2\/posts\/941635\/revisions"}],"predecessor-version":[{"id":941638,"href":"https:\/\/gradski.me\/en\/wp-json\/wp\/v2\/posts\/941635\/revisions\/941638"}],"wp:featuredmedia":[{"embeddable":true,"href":"https:\/\/gradski.me\/en\/wp-json\/wp\/v2\/media\/941637"}],"wp:attachment":[{"href":"https:\/\/gradski.me\/en\/wp-json\/wp\/v2\/media?parent=941635"}],"wp:term":[{"taxonomy":"category","embeddable":true,"href":"https:\/\/gradski.me\/en\/wp-json\/wp\/v2\/categories?post=941635"},{"taxonomy":"post_tag","embeddable":true,"href":"https:\/\/gradski.me\/en\/wp-json\/wp\/v2\/tags?post=941635"},{"taxonomy":"naslovna","embeddable":true,"href":"https:\/\/gradski.me\/en\/wp-json\/wp\/v2\/naslovna?post=941635"}],"curies":[{"name":"wp","href":"https:\/\/api.w.org\/{rel}","templated":true}]}}