{"id":941624,"date":"2026-03-16T20:42:00","date_gmt":"2026-03-16T19:42:00","guid":{"rendered":"https:\/\/gradski.me\/?p=941624"},"modified":"2026-03-17T13:44:29","modified_gmt":"2026-03-17T12:44:29","slug":"anketni-odbor-napravio-veliki-iskorak-otvorio-vrata-mraka-i-otkrio-ko-stoji-iza-nepocinstava-iz-proslosti","status":"publish","type":"post","link":"https:\/\/gradski.me\/en\/politika\/anketni-odbor-napravio-veliki-iskorak-otvorio-vrata-mraka-i-otkrio-ko-stoji-iza-nepocinstava-iz-proslosti\/","title":{"rendered":"\"The Inquiry Committee made a major breakthrough, opened the door to darkness and revealed who was behind the past injustices\""},"content":{"rendered":"<p>Mom\u010dilo Lekovi\u0107 (Demokrate) ka\u017ee da Anketni odbor mo\u017ee da funkcioni\u0161e i bez najve\u0107e opozicione partije te da to tijelo nije jednako DPS, niti Andrija Nikoli\u0107 koji je predsjedavao, niti Milo \u0110ukanovi\u0107, te da postoje i druge opozicione partije i da se rad mora nastaviti.<\/p>\n\n\n\n<p>&#8222;Nadam se da \u0107e ostali kolege iz opozicije da popune mjesta, da se kompletira rukovodstvo i da se proceduralne pretpostavke nastave. Ja sam zadovoljan radom u proteklom periodu, saslu\u0161ali smo \u010detiri svjedoka, sad je godina pred nama i moja o\u010dekivanja su velika kada je u pitanju rad Anketnog odbora, kazao je Lakovi\u0107.<\/p>\n\n\n\n<p>Zoran Miki\u0107 (URA) ka\u017ee da je evidentno da se zapravo nalaze u jednom, kako ga je nazvao &#8222;pravnom \u0107orsokaku&#8220;.<\/p>\n\n\n\n<p>&#8222;Jer ima dosta posla, imaju\u0107i u vidu zna\u010daj teme ali DPS nije jedina opozicija iako jesu najve\u0107a opoziciona partija i va\u017eno je da odbor nastavi da radi i da ne bude politi\u010dki rijaliti&#8220;, ukazuje Miki\u0107.<\/p>\n\n\n\n<p>Rekao je da moraju \u0161to prije izabrati zamjenika i predsjednika odbora jer bez njih ne mo\u017ee da se radi.<\/p>\n\n\n\n<p>&#8222;Druga stvar je da gra\u0111ani treba da \u010duju neke informacije iz bli\u017ee ili dalje pro\u0161losti i to ba\u0161 u Skup\u0161tini od nekih ljudi kako je funkcionisao re\u017eim svih ovih 30 godina. Govoreno je na tom odboru o pro\u0161losti, stalno je bilo pri\u010de da nemamo sagovornike, ali odbor je napravio pomake, ti ljudi koji su dolazili imali su jako va\u017ene uloge. Od strane relevantnih lica smo \u010duli pri\u010de koje potvr\u0111uju da iza prebijanja neistomi\u0161ljenika, ubistava i velikog broja nepravilnosti stoji dio dr\u017eavnog vrha naslonjen na DPS partiju. Jako je va\u017eno \u0161to nam je to potvr\u0111eno od strane tih ljudi&#8220;, rekao je Miki\u0107.<\/p>\n\n\n\n<p>Vojo Lakovi\u0107, profesor bezbjednosti ka\u017ee da su dovoljne dvije izjave od Milana Paunovi\u0107a i Braju\u0161ka Braju\u0161kovi\u0107a.<\/p>\n\n\n\n<p>&#8222;Da je Anketni odbor otvorio vrata mraka i pustio svjetlost unutra. To nije sud ve\u0107 je budilnik, on treba da razbudi tu\u017eila\u0161tvi da krene svojim putem. Ono nije razbu\u0111eno jo\u0161 uvijek&#8220;, istakao je Lakovi\u0107.<\/p>\n\n\n\n<p>Ka\u017ee da DPS poku\u0161ava da zaustavi rad Anketog odbora ali vjeruje da im to ne\u0107e uspjeti.<\/p>\n\n\n\n<p>&#8222;Milan Paunovi\u0107 je donio hrpu papira i u tom sistemu tada\u0161njem su se slu\u017ebene bilje\u0161ke predavale Du\u0161ku Markovi\u0107u i on je odlu\u010divao o svemu. Takav je bio sistem, a sada je tu tu\u017eila\u0161tvo koje odlu\u010duje o tim stvarima. Njih uop\u0161te nije briga \u0161to je usvojen Zakon o unutra\u0161njim poslovima i ANB-u&#8220; , rekao je Lakovi\u0107.<\/p>\n\n\n\n<p>Lekovi\u0107 ka\u017ee da je Paunovi\u0107 krunski svjedok koji je bio u epicentru svih de\u0161avanja, koji je donio dokaze, odnosno papire i da je on time potkrijepio ono o \u010demu pri\u010da.&nbsp;<\/p>\n\n\n\n<p>&#8222;Bje\u017eanija Mila \u0110ukanovi\u0107a je najve\u0107a potvrda da je odbor ispunio ciljeve i da \u0107e i u narednom periodu to \u010diniti. Da tu nijesu re\u010dene istine \u0110ukanovi\u0107 bi demantovao sve tvrdnje&#8220;, uvjeren je Lekovi\u0107.&nbsp;<\/p>","protected":false},"excerpt":{"rendered":"<p>Dosada\u0161nji rad Anketnog odbora o politi\u010dki motivisanim ubistvima i djelovanju takozvanih \u201ecrnih trojki\u201c donio je odre\u0111ene pomake i otvorio va\u017ene teme iz pro\u0161losti, ocijenili su sagovornici emisije \u201eNaglas\u201c na TVCG1, ali ka\u017eu da je za nastavak rada potrebno rije\u0161iti proceduralne prepreke i popuniti rukovodstvo odbora, posebno nakon povla\u010denja predstavnika DPS-a iz tog skup\u0161tinskog tijela.<\/p>","protected":false},"author":13,"featured_media":937217,"comment_status":"open","ping_status":"open","sticky":false,"template":"","format":"standard","meta":{"_acf_changed":false,"footnotes":"","jetpack_publicize_message":"","jetpack_publicize_feature_enabled":true,"jetpack_social_post_already_shared":true,"jetpack_social_options":{"image_generator_settings":{"template":"highway","default_image_id":0,"font":"","enabled":false},"version":2}},"categories":[7],"tags":[94,208],"naslovna":[],"class_list":["post-941624","post","type-post","status-publish","format-standard","has-post-thumbnail","hentry","category-politika","tag-anketni-odbor","tag-politika"],"acf":[],"jetpack_publicize_connections":[],"_links":{"self":[{"href":"https:\/\/gradski.me\/en\/wp-json\/wp\/v2\/posts\/941624","targetHints":{"allow":["GET"]}}],"collection":[{"href":"https:\/\/gradski.me\/en\/wp-json\/wp\/v2\/posts"}],"about":[{"href":"https:\/\/gradski.me\/en\/wp-json\/wp\/v2\/types\/post"}],"author":[{"embeddable":true,"href":"https:\/\/gradski.me\/en\/wp-json\/wp\/v2\/users\/13"}],"replies":[{"embeddable":true,"href":"https:\/\/gradski.me\/en\/wp-json\/wp\/v2\/comments?post=941624"}],"version-history":[{"count":1,"href":"https:\/\/gradski.me\/en\/wp-json\/wp\/v2\/posts\/941624\/revisions"}],"predecessor-version":[{"id":941625,"href":"https:\/\/gradski.me\/en\/wp-json\/wp\/v2\/posts\/941624\/revisions\/941625"}],"wp:featuredmedia":[{"embeddable":true,"href":"https:\/\/gradski.me\/en\/wp-json\/wp\/v2\/media\/937217"}],"wp:attachment":[{"href":"https:\/\/gradski.me\/en\/wp-json\/wp\/v2\/media?parent=941624"}],"wp:term":[{"taxonomy":"category","embeddable":true,"href":"https:\/\/gradski.me\/en\/wp-json\/wp\/v2\/categories?post=941624"},{"taxonomy":"post_tag","embeddable":true,"href":"https:\/\/gradski.me\/en\/wp-json\/wp\/v2\/tags?post=941624"},{"taxonomy":"naslovna","embeddable":true,"href":"https:\/\/gradski.me\/en\/wp-json\/wp\/v2\/naslovna?post=941624"}],"curies":[{"name":"wp","href":"https:\/\/api.w.org\/{rel}","templated":true}]}}