{"id":941589,"date":"2026-03-16T19:52:00","date_gmt":"2026-03-16T18:52:00","guid":{"rendered":"https:\/\/gradski.me\/?p=941589"},"modified":"2026-03-17T17:28:23","modified_gmt":"2026-03-17T16:28:23","slug":"video-u-crnoj-gori-oko-35-hiljada-samohranih-porodica-potrebna-bolja-zakonska-podrska","status":"publish","type":"post","link":"https:\/\/gradski.me\/en\/drustvo\/video-u-crnoj-gori-oko-35-hiljada-samohranih-porodica-potrebna-bolja-zakonska-podrska\/","title":{"rendered":"(VIDEO) There are around 35 thousand single-parent families in Montenegro, better legal support is needed"},"content":{"rendered":"<p>Samohrani roditelji u Crnoj Gori trenutno nijesu prepoznati kao posebna ranjiva kategorija u zakonodavstvu, \u0161to institucijama ote\u017eava realizaciju dodatnih mjera podr\u0161ke. Zbog toga su, kako je nagla\u0161eno, \u010desto ograni\u010deni na jednokratnu materijalnu pomo\u0107.<\/p>\n\n\n\n<p>&#8222;Iz tog razloga mi smo pokrenuli neke inicijative, jer kao donosioci odluka jako smo limitirani, da djelujemo na adekvatan na\u010din, budu\u0107i da nemamo zakonsko upori\u0161te za ovakva djelovanja&#8220;, kazala je Maja \u0160\u0107epanovi\u0107 iz Sekretarijata za socijalno staranje.\u00a0<\/p>\n\n\n\n<p>Izazovi\u00a0sa\u00a0kojima\u00a0se\u00a0suo\u010davaju\u00a0samohrani\u00a0roditelji\u00a0naj\u010de\u0161\u0107e\u00a0su\u00a0egzistencijalne, ali\u00a0i\u00a0psiholo\u0161ke\u00a0prirode, jer\u00a0odgovornost\u00a0za\u00a0porodicu\u00a0nose\u00a0sami.<\/p>\n\n\n\n<p>&#8222;A one podr\u0161ke koje mi pru\u017eamo uglavnom su usmjerene na pru\u017eanje jednokratne materijalne pomo\u0107i, kada nam se neko obrati i to je su\u0161tina&#8220;, dodaje \u0160\u0107epanovi\u0107. <\/p>\n\n\n\n<p>Zato je, poru\u010duju iz Sekretarijata, va\u017eno raditi i na podizanju svijesti dru\u0161tva o polo\u017eaju samohranih roditelja i djece koja odrastaju u takvim porodicama.<\/p>\n\n\n\n<p>&#8222;Smatram da bi u tom slu\u010daju moglo MPNI da djeluje da se i od starne njih organizuju neke radionice, paneli, na koji na\u010din sve mo\u017ee da se podi\u017ee svijest gr\u0111anastva u odnsou na djecu koja poti\u010du iz ovih porodica&#8220;, zaklju\u010duje \u0160\u0107epanovi\u0107.  <\/p>\n\n\n\n<p>Nadle\u017eni\u00a0poru\u010duju\u00a0da\u00a0bi\u00a0ve\u0107a\u00a0institucionalna\u00a0podr\u0161ka\u00a0i\u00a0izmjene\u00a0zakonskih\u00a0rje\u0161enja\u00a0omogu\u0107ile\u00a0adekvatan sistemski\u00a0pristup\u00a0rje\u0161avanju\u00a0problema\u00a0sa\u00a0kojima\u00a0se\u00a0suo\u010davaju\u00a0samohrane\u00a0porodice.<\/p>\n\n\n\n<figure class=\"wp-block-embed is-type-video is-provider-youtube wp-block-embed-youtube wp-embed-aspect-16-9 wp-has-aspect-ratio\"><div class=\"wp-block-embed__wrapper\">\n<iframe title=\"U Crnoj Gori oko 35 hiljada samohranih porodica, potrebna bolja zakonska podr\u0161ka\" width=\"800\" height=\"450\" src=\"https:\/\/www.youtube.com\/embed\/e1mc686mmj4?feature=oembed\" frameborder=\"0\" allow=\"accelerometer; autoplay; clipboard-write; encrypted-media; gyroscope; picture-in-picture; web-share\" referrerpolicy=\"strict-origin-when-cross-origin\" allowfullscreen><\/iframe>\n<\/div><\/figure>","protected":false},"excerpt":{"rendered":"<p>U Crnoj Gori \u017eivi oko 35 hiljada samohranih porodica, koje se svakodnevno suo\u010davaju sa brojnim izazovima. Iz Sekretarijata za socijalno staranje Glavnog grada poru\u010duju da se mora pobolj\u0161ati zakonski okvir kako bi dobili konkretniju podr\u0161ku.<\/p>","protected":false},"author":13,"featured_media":941594,"comment_status":"open","ping_status":"open","sticky":false,"template":"","format":"standard","meta":{"_acf_changed":false,"footnotes":"","jetpack_publicize_message":"","jetpack_publicize_feature_enabled":true,"jetpack_social_post_already_shared":true,"jetpack_social_options":{"image_generator_settings":{"template":"highway","default_image_id":0,"font":"","enabled":false},"version":2}},"categories":[9],"tags":[7138,28,5236,383],"naslovna":[],"class_list":["post-941589","post","type-post","status-publish","format-standard","has-post-thumbnail","hentry","category-drustvo","tag-maja-scepanovic","tag-podgorica","tag-roditelji","tag-sekretarijat-za-socijalno-staranje"],"acf":[],"jetpack_publicize_connections":[],"_links":{"self":[{"href":"https:\/\/gradski.me\/en\/wp-json\/wp\/v2\/posts\/941589","targetHints":{"allow":["GET"]}}],"collection":[{"href":"https:\/\/gradski.me\/en\/wp-json\/wp\/v2\/posts"}],"about":[{"href":"https:\/\/gradski.me\/en\/wp-json\/wp\/v2\/types\/post"}],"author":[{"embeddable":true,"href":"https:\/\/gradski.me\/en\/wp-json\/wp\/v2\/users\/13"}],"replies":[{"embeddable":true,"href":"https:\/\/gradski.me\/en\/wp-json\/wp\/v2\/comments?post=941589"}],"version-history":[{"count":1,"href":"https:\/\/gradski.me\/en\/wp-json\/wp\/v2\/posts\/941589\/revisions"}],"predecessor-version":[{"id":941596,"href":"https:\/\/gradski.me\/en\/wp-json\/wp\/v2\/posts\/941589\/revisions\/941596"}],"wp:featuredmedia":[{"embeddable":true,"href":"https:\/\/gradski.me\/en\/wp-json\/wp\/v2\/media\/941594"}],"wp:attachment":[{"href":"https:\/\/gradski.me\/en\/wp-json\/wp\/v2\/media?parent=941589"}],"wp:term":[{"taxonomy":"category","embeddable":true,"href":"https:\/\/gradski.me\/en\/wp-json\/wp\/v2\/categories?post=941589"},{"taxonomy":"post_tag","embeddable":true,"href":"https:\/\/gradski.me\/en\/wp-json\/wp\/v2\/tags?post=941589"},{"taxonomy":"naslovna","embeddable":true,"href":"https:\/\/gradski.me\/en\/wp-json\/wp\/v2\/naslovna?post=941589"}],"curies":[{"name":"wp","href":"https:\/\/api.w.org\/{rel}","templated":true}]}}